{"id":1026,"date":"2023-06-15T14:26:58","date_gmt":"2023-06-15T12:26:58","guid":{"rendered":"https:\/\/archeoparkvsestary.cz\/?p=1026"},"modified":"2023-06-15T14:28:41","modified_gmt":"2023-06-15T12:28:41","slug":"neco-se-chysta","status":"publish","type":"post","link":"https:\/\/archeoparkvsestary.cz\/?p=1026","title":{"rendered":"Expedice Caliga(e)"},"content":{"rendered":"\n<p>Mil\u00ed n\u00e1v\u0161t\u011bvn\u00edci a p\u0159\u00edznivci archeologie,<\/p>\n\n\n\n<p>r\u00e1di bychom v\u00e1m p\u0159edstavili nov\u011b vznikaj\u00edc\u00ed projekt s n\u00e1zvem Expedice Caliga(e)!<\/p>\n\n\n\n<p>C\u00edlem expedice je experiment\u00e1ln\u011b ov\u011b\u0159it pochody \u0159\u00edmsk\u00fdch legi\u00ed v minulosti. Historici odhaduj\u00ed, \u017ee pr\u016fm\u011brn\u00e1 z\u00e1t\u011b\u017e b\u011b\u017en\u00e9ho voj\u00e1ka \u010dinila 20 a\u017e 40 kilogram\u016f. A tato z\u00e1t\u011b\u017e se musela projevit i na vojensk\u00e9 obuvi. Jedn\u00edm z c\u00edl\u016f expedice je tuto my\u0161lenku prakticky ov\u011b\u0159it a sou\u010dasn\u011b vyzkou\u0161et dobov\u00e9 vybaven\u00ed \u0159\u00edmsk\u00fdch legion\u00e1\u0159\u016f, jeho v\u00fddr\u017e, a p\u0159edev\u0161\u00edm vliv z\u00e1t\u011b\u017ee na \u0159\u00edmskou vojenskou obuv p\u0159i re\u00e1ln\u00e9m pochodu o d\u00e9lce n\u011bkolik des\u00edtek mil. Vedle toho si expedice klade tak\u00e9 za c\u00edl p\u0159in\u00e9st lep\u0161\u00ed p\u0159edstavu o tom, jak p\u0159ed 2000 lety na na\u0161e \u00fazem\u00ed pronikaly \u0159\u00edmsk\u00e9 legie, ale tak\u00e9 zv\u00fd\u0161it pov\u011bdom\u00ed o archeologii, \u0158\u00edmanech a markomansk\u00fdch v\u00e1lk\u00e1ch.<\/p>\n\n\n\n<p>Z tohoto d\u016fvodu jsme se vydali do \u0158\u00edma, kde jsme pomysln\u011b u\u010dinili prvn\u00ed krok na\u0161\u00ed cesty.<\/p>\n\n\n\n<p>Expedice Caliga(e) v sob\u011b spojuje aktu\u00e1ln\u00ed archeologick\u00e9 poznatky, z nich vych\u00e1zej\u00edc\u00ed \u010d\u00e1ste\u010dn\u00fd experiment a dobrodru\u017estv\u00ed vojensk\u00e9ho pochodu. Na po\u010d\u00e1tku v\u00fdpravy jsou archeologick\u00e9 n\u00e1lezy dokl\u00e1daj\u00edc\u00ed p\u0159\u00edtomnost \u0159\u00edmsk\u00fdch legi\u00ed na na\u0161em \u00fazem\u00ed, kdy v\u00fdzkum\u016fm t\u011bchto lokalit se v\u011bnuj\u00ed cel\u00e9 generace badatel\u016f z Archeologick\u00e9ho \u00fastavu Akademie v\u011bd \u010cR v Brn\u011b.<\/p>\n\n\n\n<p>Samotn\u00e1 my\u0161lenka projektu #ExpediceCaligae vznikla v\u00a0<strong>Archeoparku prav\u011bku V\u0161estary<\/strong>. Jej\u00edm autorem je Mgr. Martin T\u00fdfa. Projekt prob\u00edh\u00e1 ve spolupr\u00e1ci se spolkem\u00a0<strong><a href=\"https:\/\/www.facebook.com\/LegioBestia\/?locale=cs_CZ\" target=\"_blank\" rel=\"noreferrer noopener\">GEMINA z.s.<\/a><\/strong>, za podpory\u00a0<strong><a href=\"https:\/\/www.facebook.com\/Brana.do.rimske.rise\/?locale=cs_CZ\" target=\"_blank\" rel=\"noreferrer noopener\">Archeologick\u00e9ho \u00fastavu AV \u010cR, Brno, v. v. i.<\/a><\/strong> a pr\u016fb\u011b\u017en\u00e9 konzultace s doc. PhDr. Radom\u00edrem Tich\u00fdm, Ph.D., Mgr. Bal\u00e1zsem Komor\u00f3czym, Ph.D. a Mgr. Markem Vlachem, Ph.D.<\/p>\n\n\n\n<p>V n\u00e1sleduj\u00edc\u00edch dnech a t\u00fddnech v\u00e1m p\u0159edstav\u00edme podrobn\u011bj\u0161\u00ed informace o expedici, v\u010detn\u011b popisu trasy a pl\u00e1novan\u00e9 vzd\u00e1lenosti, detail\u016f o \u0159\u00edmsk\u00fdch vojensk\u00fdch sand\u00e1lech a legion\u00e1\u0159sk\u00e9 v\u00fdzbroji atd. Tak n\u00e1s nev\u00e1hejte sledovat a vydejte se s n\u00e1mi na dobrodru\u017estv\u00ed experiment\u00e1ln\u00ed archeologie, kter\u00e9 se t\u00e9m\u011b\u0159 po 2000 letech vyd\u00e1 po stop\u00e1ch X. legie!<\/p>\n","protected":false},"excerpt":{"rendered":"<p>Mil\u00ed n\u00e1v\u0161t\u011bvn\u00edci a p\u0159\u00edznivci archeologie, r\u00e1di bychom v\u00e1m p\u0159edstavili nov\u011b vznikaj\u00edc\u00ed projekt s n\u00e1zvem Expedice Caliga(e)! C\u00edlem expedice je experiment\u00e1ln\u011b ov\u011b\u0159it pochody \u0159\u00edmsk\u00fdch legi\u00ed v minulosti. Historici odhaduj\u00ed, \u017ee pr\u016fm\u011brn\u00e1 z\u00e1t\u011b\u017e b\u011b\u017en\u00e9ho voj\u00e1ka \u010dinila 20 a\u017e 40 kilogram\u016f. A tato z\u00e1t\u011b\u017e se musela projevit i na vojensk\u00e9 obuvi. Jedn\u00edm z c\u00edl\u016f expedice je tuto my\u0161lenku prakticky ov\u011b\u0159it a sou\u010dasn\u011b vyzkou\u0161et dobov\u00e9 vybaven\u00ed \u0159\u00edmsk\u00fdch legion\u00e1\u0159\u016f, jeho v\u00fddr\u017e, a p\u0159edev\u0161\u00edm vliv z\u00e1t\u011b\u017ee na \u0159\u00edmskou vojenskou obuv p\u0159i re\u00e1ln\u00e9m pochodu o d\u00e9lce n\u011bkolik des\u00edtek mil. Vedle toho si expedice klade tak\u00e9 za c\u00edl p\u0159in\u00e9st lep\u0161\u00ed p\u0159edstavu o tom, jak p\u0159ed 2000 lety na na\u0161e \u00fazem\u00ed pronikaly \u0159\u00edmsk\u00e9 legie, ale tak\u00e9 zv\u00fd\u0161it pov\u011bdom\u00ed o archeologii, \u0158\u00edmanech a markomansk\u00fdch v\u00e1lk\u00e1ch. Z tohoto d\u016fvodu jsme se vydali do \u0158\u00edma, kde jsme pomysln\u011b u\u010dinili prvn\u00ed krok na\u0161\u00ed cesty. Expedice Caliga(e) v sob\u011b spojuje aktu\u00e1ln\u00ed archeologick\u00e9 poznatky, z nich vych\u00e1zej\u00edc\u00ed \u010d\u00e1ste\u010dn\u00fd experiment a dobrodru\u017estv\u00ed vojensk\u00e9ho pochodu. Na po\u010d\u00e1tku v\u00fdpravy jsou archeologick\u00e9 n\u00e1lezy dokl\u00e1daj\u00edc\u00ed p\u0159\u00edtomnost \u0159\u00edmsk\u00fdch legi\u00ed na na\u0161em \u00fazem\u00ed, kdy v\u00fdzkum\u016fm t\u011bchto lokalit se v\u011bnuj\u00ed cel\u00e9 generace badatel\u016f z Archeologick\u00e9ho \u00fastavu Akademie v\u011bd \u010cR v Brn\u011b. Samotn\u00e1 my\u0161lenka projektu #ExpediceCaligae vznikla v\u00a0Archeoparku prav\u011bku V\u0161estary. Jej\u00edm autorem je Mgr. Martin T\u00fdfa. Projekt prob\u00edh\u00e1 ve spolupr\u00e1ci se spolkem\u00a0GEMINA z.s., za podpory\u00a0Archeologick\u00e9ho \u00fastavu AV \u010cR, Brno, v. v. i. a pr\u016fb\u011b\u017en\u00e9 konzultace s doc. PhDr. Radom\u00edrem Tich\u00fdm, Ph.D., Mgr. Bal\u00e1zsem Komor\u00f3czym, Ph.D. a Mgr. Markem Vlachem, Ph.D. V n\u00e1sleduj\u00edc\u00edch dnech a t\u00fddnech v\u00e1m p\u0159edstav\u00edme podrobn\u011bj\u0161\u00ed informace o expedici, v\u010detn\u011b popisu trasy a pl\u00e1novan\u00e9 vzd\u00e1lenosti, detail\u016f o \u0159\u00edmsk\u00fdch vojensk\u00fdch sand\u00e1lech a legion\u00e1\u0159sk\u00e9 v\u00fdzbroji atd. Tak n\u00e1s nev\u00e1hejte sledovat a vydejte se s n\u00e1mi na dobrodru\u017estv\u00ed experiment\u00e1ln\u00ed archeologie, kter\u00e9 se t\u00e9m\u011b\u0159 po 2000 letech vyd\u00e1 po stop\u00e1ch X. legie!<\/p>\n","protected":false},"author":1,"featured_media":1027,"comment_status":"closed","ping_status":"open","sticky":false,"template":"","format":"standard","meta":{"_monsterinsights_skip_tracking":false,"_monsterinsights_sitenote_active":false,"_monsterinsights_sitenote_note":"","_monsterinsights_sitenote_category":0,"footnotes":""},"categories":[10],"tags":[],"class_list":["post-1026","post","type-post","status-publish","format-standard","has-post-thumbnail","hentry","category-experimenty"],"yoast_head":"<!-- This site is optimized with the Yoast SEO plugin v26.7 - https:\/\/yoast.com\/wordpress\/plugins\/seo\/ -->\n<title>Expedice Caliga(e) - Archeopark prav\u011bku V\u0161estary<\/title>\n<meta name=\"robots\" content=\"index, follow, max-snippet:-1, max-image-preview:large, max-video-preview:-1\" \/>\n<link rel=\"canonical\" href=\"http:\/\/archeoparkvsestary.cz\/?p=1026\" \/>\n<meta property=\"og:locale\" content=\"cs_CZ\" \/>\n<meta property=\"og:type\" content=\"article\" \/>\n<meta property=\"og:title\" content=\"Expedice Caliga(e) - Archeopark prav\u011bku V\u0161estary\" \/>\n<meta property=\"og:description\" content=\"Mil\u00ed n\u00e1v\u0161t\u011bvn\u00edci a p\u0159\u00edznivci archeologie, r\u00e1di bychom v\u00e1m p\u0159edstavili nov\u011b vznikaj\u00edc\u00ed projekt s n\u00e1zvem Expedice Caliga(e)! C\u00edlem expedice je experiment\u00e1ln\u011b ov\u011b\u0159it pochody \u0159\u00edmsk\u00fdch legi\u00ed v minulosti. Historici odhaduj\u00ed, \u017ee pr\u016fm\u011brn\u00e1 z\u00e1t\u011b\u017e b\u011b\u017en\u00e9ho voj\u00e1ka \u010dinila 20 a\u017e 40 kilogram\u016f. A tato z\u00e1t\u011b\u017e se musela projevit i na vojensk\u00e9 obuvi. Jedn\u00edm z c\u00edl\u016f expedice je tuto my\u0161lenku prakticky ov\u011b\u0159it a sou\u010dasn\u011b vyzkou\u0161et dobov\u00e9 vybaven\u00ed \u0159\u00edmsk\u00fdch legion\u00e1\u0159\u016f, jeho v\u00fddr\u017e, a p\u0159edev\u0161\u00edm vliv z\u00e1t\u011b\u017ee na \u0159\u00edmskou vojenskou obuv p\u0159i re\u00e1ln\u00e9m pochodu o d\u00e9lce n\u011bkolik des\u00edtek mil. Vedle toho si expedice klade tak\u00e9 za c\u00edl p\u0159in\u00e9st lep\u0161\u00ed p\u0159edstavu o tom, jak p\u0159ed 2000 lety na na\u0161e \u00fazem\u00ed pronikaly \u0159\u00edmsk\u00e9 legie, ale tak\u00e9 zv\u00fd\u0161it pov\u011bdom\u00ed o archeologii, \u0158\u00edmanech a markomansk\u00fdch v\u00e1lk\u00e1ch. Z tohoto d\u016fvodu jsme se vydali do \u0158\u00edma, kde jsme pomysln\u011b u\u010dinili prvn\u00ed krok na\u0161\u00ed cesty. Expedice Caliga(e) v sob\u011b spojuje aktu\u00e1ln\u00ed archeologick\u00e9 poznatky, z nich vych\u00e1zej\u00edc\u00ed \u010d\u00e1ste\u010dn\u00fd experiment a dobrodru\u017estv\u00ed vojensk\u00e9ho pochodu. Na po\u010d\u00e1tku v\u00fdpravy jsou archeologick\u00e9 n\u00e1lezy dokl\u00e1daj\u00edc\u00ed p\u0159\u00edtomnost \u0159\u00edmsk\u00fdch legi\u00ed na na\u0161em \u00fazem\u00ed, kdy v\u00fdzkum\u016fm t\u011bchto lokalit se v\u011bnuj\u00ed cel\u00e9 generace badatel\u016f z Archeologick\u00e9ho \u00fastavu Akademie v\u011bd \u010cR v Brn\u011b. Samotn\u00e1 my\u0161lenka projektu #ExpediceCaligae vznikla v\u00a0Archeoparku prav\u011bku V\u0161estary. Jej\u00edm autorem je Mgr. Martin T\u00fdfa. Projekt prob\u00edh\u00e1 ve spolupr\u00e1ci se spolkem\u00a0GEMINA z.s., za podpory\u00a0Archeologick\u00e9ho \u00fastavu AV \u010cR, Brno, v. v. i. a pr\u016fb\u011b\u017en\u00e9 konzultace s doc. PhDr. Radom\u00edrem Tich\u00fdm, Ph.D., Mgr. Bal\u00e1zsem Komor\u00f3czym, Ph.D. a Mgr. Markem Vlachem, Ph.D. V n\u00e1sleduj\u00edc\u00edch dnech a t\u00fddnech v\u00e1m p\u0159edstav\u00edme podrobn\u011bj\u0161\u00ed informace o expedici, v\u010detn\u011b popisu trasy a pl\u00e1novan\u00e9 vzd\u00e1lenosti, detail\u016f o \u0159\u00edmsk\u00fdch vojensk\u00fdch sand\u00e1lech a legion\u00e1\u0159sk\u00e9 v\u00fdzbroji atd. Tak n\u00e1s nev\u00e1hejte sledovat a vydejte se s n\u00e1mi na dobrodru\u017estv\u00ed experiment\u00e1ln\u00ed archeologie, kter\u00e9 se t\u00e9m\u011b\u0159 po 2000 letech vyd\u00e1 po stop\u00e1ch X. legie!\" \/>\n<meta property=\"og:url\" content=\"http:\/\/archeoparkvsestary.cz\/?p=1026\" \/>\n<meta property=\"og:site_name\" content=\"Archeopark prav\u011bku V\u0161estary\" \/>\n<meta property=\"article:publisher\" content=\"https:\/\/www.facebook.com\/archeoparkvsestary\/\" \/>\n<meta property=\"article:published_time\" content=\"2023-06-15T12:26:58+00:00\" \/>\n<meta property=\"article:modified_time\" content=\"2023-06-15T12:28:41+00:00\" \/>\n<meta property=\"og:image\" content=\"http:\/\/archeoparkvsestary.cz\/wp-content\/uploads\/2023\/06\/expedice_caligae.jpg\" \/>\n\t<meta property=\"og:image:width\" content=\"400\" \/>\n\t<meta property=\"og:image:height\" content=\"600\" \/>\n\t<meta property=\"og:image:type\" content=\"image\/jpeg\" \/>\n<meta name=\"author\" content=\"archeopark\" \/>\n<meta name=\"twitter:card\" content=\"summary_large_image\" \/>\n<meta name=\"twitter:label1\" content=\"Napsal(a)\" \/>\n\t<meta name=\"twitter:data1\" content=\"archeopark\" \/>\n\t<meta name=\"twitter:label2\" content=\"Odhadovan\u00e1 doba \u010dten\u00ed\" \/>\n\t<meta name=\"twitter:data2\" content=\"2 minuty\" \/>\n<script type=\"application\/ld+json\" class=\"yoast-schema-graph\">{\"@context\":\"https:\/\/schema.org\",\"@graph\":[{\"@type\":\"Article\",\"@id\":\"http:\/\/archeoparkvsestary.cz\/?p=1026#article\",\"isPartOf\":{\"@id\":\"http:\/\/archeoparkvsestary.cz\/?p=1026\"},\"author\":{\"name\":\"archeopark\",\"@id\":\"https:\/\/archeoparkvsestary.cz\/#\/schema\/person\/84625a8324d2811f0655bb544a0eb6bc\"},\"headline\":\"Expedice Caliga(e)\",\"datePublished\":\"2023-06-15T12:26:58+00:00\",\"dateModified\":\"2023-06-15T12:28:41+00:00\",\"mainEntityOfPage\":{\"@id\":\"http:\/\/archeoparkvsestary.cz\/?p=1026\"},\"wordCount\":393,\"publisher\":{\"@id\":\"https:\/\/archeoparkvsestary.cz\/#organization\"},\"image\":{\"@id\":\"http:\/\/archeoparkvsestary.cz\/?p=1026#primaryimage\"},\"thumbnailUrl\":\"https:\/\/archeoparkvsestary.cz\/wp-content\/uploads\/2023\/06\/expedice_caligae.jpg\",\"articleSection\":[\"Experimenty\"],\"inLanguage\":\"cs\"},{\"@type\":\"WebPage\",\"@id\":\"http:\/\/archeoparkvsestary.cz\/?p=1026\",\"url\":\"http:\/\/archeoparkvsestary.cz\/?p=1026\",\"name\":\"Expedice Caliga(e) - Archeopark prav\u011bku V\u0161estary\",\"isPartOf\":{\"@id\":\"https:\/\/archeoparkvsestary.cz\/#website\"},\"primaryImageOfPage\":{\"@id\":\"http:\/\/archeoparkvsestary.cz\/?p=1026#primaryimage\"},\"image\":{\"@id\":\"http:\/\/archeoparkvsestary.cz\/?p=1026#primaryimage\"},\"thumbnailUrl\":\"https:\/\/archeoparkvsestary.cz\/wp-content\/uploads\/2023\/06\/expedice_caligae.jpg\",\"datePublished\":\"2023-06-15T12:26:58+00:00\",\"dateModified\":\"2023-06-15T12:28:41+00:00\",\"breadcrumb\":{\"@id\":\"http:\/\/archeoparkvsestary.cz\/?p=1026#breadcrumb\"},\"inLanguage\":\"cs\",\"potentialAction\":[{\"@type\":\"ReadAction\",\"target\":[\"http:\/\/archeoparkvsestary.cz\/?p=1026\"]}]},{\"@type\":\"ImageObject\",\"inLanguage\":\"cs\",\"@id\":\"http:\/\/archeoparkvsestary.cz\/?p=1026#primaryimage\",\"url\":\"https:\/\/archeoparkvsestary.cz\/wp-content\/uploads\/2023\/06\/expedice_caligae.jpg\",\"contentUrl\":\"https:\/\/archeoparkvsestary.cz\/wp-content\/uploads\/2023\/06\/expedice_caligae.jpg\",\"width\":400,\"height\":600},{\"@type\":\"BreadcrumbList\",\"@id\":\"http:\/\/archeoparkvsestary.cz\/?p=1026#breadcrumb\",\"itemListElement\":[{\"@type\":\"ListItem\",\"position\":1,\"name\":\"Home\",\"item\":\"https:\/\/archeoparkvsestary.cz\/\"},{\"@type\":\"ListItem\",\"position\":2,\"name\":\"Expedice Caliga(e)\"}]},{\"@type\":\"WebSite\",\"@id\":\"https:\/\/archeoparkvsestary.cz\/#website\",\"url\":\"https:\/\/archeoparkvsestary.cz\/\",\"name\":\"Archeopark prav\u011bku V\u0161estary\",\"description\":\"Archeopark prav\u011bku V\u0161estary\",\"publisher\":{\"@id\":\"https:\/\/archeoparkvsestary.cz\/#organization\"},\"potentialAction\":[{\"@type\":\"SearchAction\",\"target\":{\"@type\":\"EntryPoint\",\"urlTemplate\":\"https:\/\/archeoparkvsestary.cz\/?s={search_term_string}\"},\"query-input\":{\"@type\":\"PropertyValueSpecification\",\"valueRequired\":true,\"valueName\":\"search_term_string\"}}],\"inLanguage\":\"cs\"},{\"@type\":\"Organization\",\"@id\":\"https:\/\/archeoparkvsestary.cz\/#organization\",\"name\":\"Archeopark prav\u011bku V\u0161estary\",\"url\":\"https:\/\/archeoparkvsestary.cz\/\",\"logo\":{\"@type\":\"ImageObject\",\"inLanguage\":\"cs\",\"@id\":\"https:\/\/archeoparkvsestary.cz\/#\/schema\/logo\/image\/\",\"url\":\"https:\/\/archeoparkvsestary.cz\/wp-content\/uploads\/2023\/03\/logo_archeopark_nadoba.jpg\",\"contentUrl\":\"https:\/\/archeoparkvsestary.cz\/wp-content\/uploads\/2023\/03\/logo_archeopark_nadoba.jpg\",\"width\":300,\"height\":279,\"caption\":\"Archeopark prav\u011bku V\u0161estary\"},\"image\":{\"@id\":\"https:\/\/archeoparkvsestary.cz\/#\/schema\/logo\/image\/\"},\"sameAs\":[\"https:\/\/www.facebook.com\/archeoparkvsestary\/\"]},{\"@type\":\"Person\",\"@id\":\"https:\/\/archeoparkvsestary.cz\/#\/schema\/person\/84625a8324d2811f0655bb544a0eb6bc\",\"name\":\"archeopark\",\"image\":{\"@type\":\"ImageObject\",\"inLanguage\":\"cs\",\"@id\":\"https:\/\/archeoparkvsestary.cz\/#\/schema\/person\/image\/\",\"url\":\"https:\/\/secure.gravatar.com\/avatar\/c483f3e8d2c1e5d98d1a724e231c36100ffb14f39a9a1761aca5432ad4e49879?s=96&d=mm&r=g\",\"contentUrl\":\"https:\/\/secure.gravatar.com\/avatar\/c483f3e8d2c1e5d98d1a724e231c36100ffb14f39a9a1761aca5432ad4e49879?s=96&d=mm&r=g\",\"caption\":\"archeopark\"},\"sameAs\":[\"http:\/\/archeoparkvsestary.cz\"],\"url\":\"https:\/\/archeoparkvsestary.cz\/?author=1\"}]}<\/script>\n<!-- \/ Yoast SEO plugin. -->","yoast_head_json":{"title":"Expedice Caliga(e) - Archeopark prav\u011bku V\u0161estary","robots":{"index":"index","follow":"follow","max-snippet":"max-snippet:-1","max-image-preview":"max-image-preview:large","max-video-preview":"max-video-preview:-1"},"canonical":"http:\/\/archeoparkvsestary.cz\/?p=1026","og_locale":"cs_CZ","og_type":"article","og_title":"Expedice Caliga(e) - Archeopark prav\u011bku V\u0161estary","og_description":"Mil\u00ed n\u00e1v\u0161t\u011bvn\u00edci a p\u0159\u00edznivci archeologie, r\u00e1di bychom v\u00e1m p\u0159edstavili nov\u011b vznikaj\u00edc\u00ed projekt s n\u00e1zvem Expedice Caliga(e)! C\u00edlem expedice je experiment\u00e1ln\u011b ov\u011b\u0159it pochody \u0159\u00edmsk\u00fdch legi\u00ed v minulosti. Historici odhaduj\u00ed, \u017ee pr\u016fm\u011brn\u00e1 z\u00e1t\u011b\u017e b\u011b\u017en\u00e9ho voj\u00e1ka \u010dinila 20 a\u017e 40 kilogram\u016f. A tato z\u00e1t\u011b\u017e se musela projevit i na vojensk\u00e9 obuvi. Jedn\u00edm z c\u00edl\u016f expedice je tuto my\u0161lenku prakticky ov\u011b\u0159it a sou\u010dasn\u011b vyzkou\u0161et dobov\u00e9 vybaven\u00ed \u0159\u00edmsk\u00fdch legion\u00e1\u0159\u016f, jeho v\u00fddr\u017e, a p\u0159edev\u0161\u00edm vliv z\u00e1t\u011b\u017ee na \u0159\u00edmskou vojenskou obuv p\u0159i re\u00e1ln\u00e9m pochodu o d\u00e9lce n\u011bkolik des\u00edtek mil. Vedle toho si expedice klade tak\u00e9 za c\u00edl p\u0159in\u00e9st lep\u0161\u00ed p\u0159edstavu o tom, jak p\u0159ed 2000 lety na na\u0161e \u00fazem\u00ed pronikaly \u0159\u00edmsk\u00e9 legie, ale tak\u00e9 zv\u00fd\u0161it pov\u011bdom\u00ed o archeologii, \u0158\u00edmanech a markomansk\u00fdch v\u00e1lk\u00e1ch. Z tohoto d\u016fvodu jsme se vydali do \u0158\u00edma, kde jsme pomysln\u011b u\u010dinili prvn\u00ed krok na\u0161\u00ed cesty. Expedice Caliga(e) v sob\u011b spojuje aktu\u00e1ln\u00ed archeologick\u00e9 poznatky, z nich vych\u00e1zej\u00edc\u00ed \u010d\u00e1ste\u010dn\u00fd experiment a dobrodru\u017estv\u00ed vojensk\u00e9ho pochodu. Na po\u010d\u00e1tku v\u00fdpravy jsou archeologick\u00e9 n\u00e1lezy dokl\u00e1daj\u00edc\u00ed p\u0159\u00edtomnost \u0159\u00edmsk\u00fdch legi\u00ed na na\u0161em \u00fazem\u00ed, kdy v\u00fdzkum\u016fm t\u011bchto lokalit se v\u011bnuj\u00ed cel\u00e9 generace badatel\u016f z Archeologick\u00e9ho \u00fastavu Akademie v\u011bd \u010cR v Brn\u011b. Samotn\u00e1 my\u0161lenka projektu #ExpediceCaligae vznikla v\u00a0Archeoparku prav\u011bku V\u0161estary. Jej\u00edm autorem je Mgr. Martin T\u00fdfa. Projekt prob\u00edh\u00e1 ve spolupr\u00e1ci se spolkem\u00a0GEMINA z.s., za podpory\u00a0Archeologick\u00e9ho \u00fastavu AV \u010cR, Brno, v. v. i. a pr\u016fb\u011b\u017en\u00e9 konzultace s doc. PhDr. Radom\u00edrem Tich\u00fdm, Ph.D., Mgr. Bal\u00e1zsem Komor\u00f3czym, Ph.D. a Mgr. Markem Vlachem, Ph.D. V n\u00e1sleduj\u00edc\u00edch dnech a t\u00fddnech v\u00e1m p\u0159edstav\u00edme podrobn\u011bj\u0161\u00ed informace o expedici, v\u010detn\u011b popisu trasy a pl\u00e1novan\u00e9 vzd\u00e1lenosti, detail\u016f o \u0159\u00edmsk\u00fdch vojensk\u00fdch sand\u00e1lech a legion\u00e1\u0159sk\u00e9 v\u00fdzbroji atd. Tak n\u00e1s nev\u00e1hejte sledovat a vydejte se s n\u00e1mi na dobrodru\u017estv\u00ed experiment\u00e1ln\u00ed archeologie, kter\u00e9 se t\u00e9m\u011b\u0159 po 2000 letech vyd\u00e1 po stop\u00e1ch X. legie!","og_url":"http:\/\/archeoparkvsestary.cz\/?p=1026","og_site_name":"Archeopark prav\u011bku V\u0161estary","article_publisher":"https:\/\/www.facebook.com\/archeoparkvsestary\/","article_published_time":"2023-06-15T12:26:58+00:00","article_modified_time":"2023-06-15T12:28:41+00:00","og_image":[{"width":400,"height":600,"url":"http:\/\/archeoparkvsestary.cz\/wp-content\/uploads\/2023\/06\/expedice_caligae.jpg","type":"image\/jpeg"}],"author":"archeopark","twitter_card":"summary_large_image","twitter_misc":{"Napsal(a)":"archeopark","Odhadovan\u00e1 doba \u010dten\u00ed":"2 minuty"},"schema":{"@context":"https:\/\/schema.org","@graph":[{"@type":"Article","@id":"http:\/\/archeoparkvsestary.cz\/?p=1026#article","isPartOf":{"@id":"http:\/\/archeoparkvsestary.cz\/?p=1026"},"author":{"name":"archeopark","@id":"https:\/\/archeoparkvsestary.cz\/#\/schema\/person\/84625a8324d2811f0655bb544a0eb6bc"},"headline":"Expedice Caliga(e)","datePublished":"2023-06-15T12:26:58+00:00","dateModified":"2023-06-15T12:28:41+00:00","mainEntityOfPage":{"@id":"http:\/\/archeoparkvsestary.cz\/?p=1026"},"wordCount":393,"publisher":{"@id":"https:\/\/archeoparkvsestary.cz\/#organization"},"image":{"@id":"http:\/\/archeoparkvsestary.cz\/?p=1026#primaryimage"},"thumbnailUrl":"https:\/\/archeoparkvsestary.cz\/wp-content\/uploads\/2023\/06\/expedice_caligae.jpg","articleSection":["Experimenty"],"inLanguage":"cs"},{"@type":"WebPage","@id":"http:\/\/archeoparkvsestary.cz\/?p=1026","url":"http:\/\/archeoparkvsestary.cz\/?p=1026","name":"Expedice Caliga(e) - Archeopark prav\u011bku V\u0161estary","isPartOf":{"@id":"https:\/\/archeoparkvsestary.cz\/#website"},"primaryImageOfPage":{"@id":"http:\/\/archeoparkvsestary.cz\/?p=1026#primaryimage"},"image":{"@id":"http:\/\/archeoparkvsestary.cz\/?p=1026#primaryimage"},"thumbnailUrl":"https:\/\/archeoparkvsestary.cz\/wp-content\/uploads\/2023\/06\/expedice_caligae.jpg","datePublished":"2023-06-15T12:26:58+00:00","dateModified":"2023-06-15T12:28:41+00:00","breadcrumb":{"@id":"http:\/\/archeoparkvsestary.cz\/?p=1026#breadcrumb"},"inLanguage":"cs","potentialAction":[{"@type":"ReadAction","target":["http:\/\/archeoparkvsestary.cz\/?p=1026"]}]},{"@type":"ImageObject","inLanguage":"cs","@id":"http:\/\/archeoparkvsestary.cz\/?p=1026#primaryimage","url":"https:\/\/archeoparkvsestary.cz\/wp-content\/uploads\/2023\/06\/expedice_caligae.jpg","contentUrl":"https:\/\/archeoparkvsestary.cz\/wp-content\/uploads\/2023\/06\/expedice_caligae.jpg","width":400,"height":600},{"@type":"BreadcrumbList","@id":"http:\/\/archeoparkvsestary.cz\/?p=1026#breadcrumb","itemListElement":[{"@type":"ListItem","position":1,"name":"Home","item":"https:\/\/archeoparkvsestary.cz\/"},{"@type":"ListItem","position":2,"name":"Expedice Caliga(e)"}]},{"@type":"WebSite","@id":"https:\/\/archeoparkvsestary.cz\/#website","url":"https:\/\/archeoparkvsestary.cz\/","name":"Archeopark prav\u011bku V\u0161estary","description":"Archeopark prav\u011bku V\u0161estary","publisher":{"@id":"https:\/\/archeoparkvsestary.cz\/#organization"},"potentialAction":[{"@type":"SearchAction","target":{"@type":"EntryPoint","urlTemplate":"https:\/\/archeoparkvsestary.cz\/?s={search_term_string}"},"query-input":{"@type":"PropertyValueSpecification","valueRequired":true,"valueName":"search_term_string"}}],"inLanguage":"cs"},{"@type":"Organization","@id":"https:\/\/archeoparkvsestary.cz\/#organization","name":"Archeopark prav\u011bku V\u0161estary","url":"https:\/\/archeoparkvsestary.cz\/","logo":{"@type":"ImageObject","inLanguage":"cs","@id":"https:\/\/archeoparkvsestary.cz\/#\/schema\/logo\/image\/","url":"https:\/\/archeoparkvsestary.cz\/wp-content\/uploads\/2023\/03\/logo_archeopark_nadoba.jpg","contentUrl":"https:\/\/archeoparkvsestary.cz\/wp-content\/uploads\/2023\/03\/logo_archeopark_nadoba.jpg","width":300,"height":279,"caption":"Archeopark prav\u011bku V\u0161estary"},"image":{"@id":"https:\/\/archeoparkvsestary.cz\/#\/schema\/logo\/image\/"},"sameAs":["https:\/\/www.facebook.com\/archeoparkvsestary\/"]},{"@type":"Person","@id":"https:\/\/archeoparkvsestary.cz\/#\/schema\/person\/84625a8324d2811f0655bb544a0eb6bc","name":"archeopark","image":{"@type":"ImageObject","inLanguage":"cs","@id":"https:\/\/archeoparkvsestary.cz\/#\/schema\/person\/image\/","url":"https:\/\/secure.gravatar.com\/avatar\/c483f3e8d2c1e5d98d1a724e231c36100ffb14f39a9a1761aca5432ad4e49879?s=96&d=mm&r=g","contentUrl":"https:\/\/secure.gravatar.com\/avatar\/c483f3e8d2c1e5d98d1a724e231c36100ffb14f39a9a1761aca5432ad4e49879?s=96&d=mm&r=g","caption":"archeopark"},"sameAs":["http:\/\/archeoparkvsestary.cz"],"url":"https:\/\/archeoparkvsestary.cz\/?author=1"}]}},"_links":{"self":[{"href":"https:\/\/archeoparkvsestary.cz\/index.php?rest_route=\/wp\/v2\/posts\/1026","targetHints":{"allow":["GET"]}}],"collection":[{"href":"https:\/\/archeoparkvsestary.cz\/index.php?rest_route=\/wp\/v2\/posts"}],"about":[{"href":"https:\/\/archeoparkvsestary.cz\/index.php?rest_route=\/wp\/v2\/types\/post"}],"author":[{"embeddable":true,"href":"https:\/\/archeoparkvsestary.cz\/index.php?rest_route=\/wp\/v2\/users\/1"}],"replies":[{"embeddable":true,"href":"https:\/\/archeoparkvsestary.cz\/index.php?rest_route=%2Fwp%2Fv2%2Fcomments&post=1026"}],"version-history":[{"count":2,"href":"https:\/\/archeoparkvsestary.cz\/index.php?rest_route=\/wp\/v2\/posts\/1026\/revisions"}],"predecessor-version":[{"id":1029,"href":"https:\/\/archeoparkvsestary.cz\/index.php?rest_route=\/wp\/v2\/posts\/1026\/revisions\/1029"}],"wp:featuredmedia":[{"embeddable":true,"href":"https:\/\/archeoparkvsestary.cz\/index.php?rest_route=\/wp\/v2\/media\/1027"}],"wp:attachment":[{"href":"https:\/\/archeoparkvsestary.cz\/index.php?rest_route=%2Fwp%2Fv2%2Fmedia&parent=1026"}],"wp:term":[{"taxonomy":"category","embeddable":true,"href":"https:\/\/archeoparkvsestary.cz\/index.php?rest_route=%2Fwp%2Fv2%2Fcategories&post=1026"},{"taxonomy":"post_tag","embeddable":true,"href":"https:\/\/archeoparkvsestary.cz\/index.php?rest_route=%2Fwp%2Fv2%2Ftags&post=1026"}],"curies":[{"name":"wp","href":"https:\/\/api.w.org\/{rel}","templated":true}]}}