{"id":1106,"date":"2023-09-21T13:15:17","date_gmt":"2023-09-21T11:15:17","guid":{"rendered":"https:\/\/archeoparkvsestary.cz\/?p=1106"},"modified":"2023-09-21T13:20:28","modified_gmt":"2023-09-21T11:20:28","slug":"zarijove-dozinky-v-archeoparku","status":"publish","type":"post","link":"https:\/\/archeoparkvsestary.cz\/?p=1106","title":{"rendered":"Z\u00e1\u0159ijov\u00e9 do\u017e\u00ednky v Archeoparku"},"content":{"rendered":"\n<p>Archeopark prav\u011bku V\u0161estary V\u00e1s srde\u010dn\u011b zve na posledn\u00ed leto\u0161n\u00ed Dny \u017eiv\u00e9 archeologie, kter\u00e9 jsme p\u0159ipravili na sobotu 30. 9. 2023 od 10:00 do 17:00 hodin. <\/p>\n","protected":false},"excerpt":{"rendered":"<p>Archeopark prav\u011bku V\u0161estary V\u00e1s srde\u010dn\u011b zve na posledn\u00ed leto\u0161n\u00ed Dny \u017eiv\u00e9 archeologie, kter\u00e9 jsme p\u0159ipravili na sobotu 30. 9. 2023 od 10:00 do 17:00 hodin.<\/p>\n","protected":false},"author":1,"featured_media":1107,"comment_status":"closed","ping_status":"open","sticky":false,"template":"","format":"standard","meta":{"_monsterinsights_skip_tracking":false,"_monsterinsights_sitenote_active":false,"_monsterinsights_sitenote_note":"","_monsterinsights_sitenote_category":0,"footnotes":""},"categories":[5],"tags":[],"class_list":["post-1106","post","type-post","status-publish","format-standard","has-post-thumbnail","hentry","category-akce"],"yoast_head":"<!-- This site is optimized with the Yoast SEO plugin v26.7 - https:\/\/yoast.com\/wordpress\/plugins\/seo\/ -->\n<title>Z\u00e1\u0159ijov\u00e9 do\u017e\u00ednky v Archeoparku - Archeopark prav\u011bku V\u0161estary<\/title>\n<meta name=\"robots\" content=\"index, follow, max-snippet:-1, max-image-preview:large, max-video-preview:-1\" \/>\n<link rel=\"canonical\" href=\"http:\/\/archeoparkvsestary.cz\/?p=1106\" \/>\n<meta property=\"og:locale\" content=\"cs_CZ\" \/>\n<meta property=\"og:type\" content=\"article\" \/>\n<meta property=\"og:title\" content=\"Z\u00e1\u0159ijov\u00e9 do\u017e\u00ednky v Archeoparku - Archeopark prav\u011bku V\u0161estary\" \/>\n<meta property=\"og:description\" content=\"Archeopark prav\u011bku V\u0161estary V\u00e1s srde\u010dn\u011b zve na posledn\u00ed leto\u0161n\u00ed Dny \u017eiv\u00e9 archeologie, kter\u00e9 jsme p\u0159ipravili na sobotu 30. 9. 2023 od 10:00 do 17:00 hodin.\" \/>\n<meta property=\"og:url\" content=\"http:\/\/archeoparkvsestary.cz\/?p=1106\" \/>\n<meta property=\"og:site_name\" content=\"Archeopark prav\u011bku V\u0161estary\" \/>\n<meta property=\"article:publisher\" content=\"https:\/\/www.facebook.com\/archeoparkvsestary\/\" \/>\n<meta property=\"article:published_time\" content=\"2023-09-21T11:15:17+00:00\" \/>\n<meta property=\"article:modified_time\" content=\"2023-09-21T11:20:28+00:00\" \/>\n<meta property=\"og:image\" content=\"http:\/\/archeoparkvsestary.cz\/wp-content\/uploads\/2023\/09\/DZA_2023_zari_plakat.jpg\" \/>\n\t<meta property=\"og:image:width\" content=\"848\" \/>\n\t<meta property=\"og:image:height\" content=\"1200\" \/>\n\t<meta property=\"og:image:type\" content=\"image\/jpeg\" \/>\n<meta name=\"author\" content=\"archeopark\" \/>\n<meta name=\"twitter:card\" content=\"summary_large_image\" \/>\n<meta name=\"twitter:label1\" content=\"Napsal(a)\" \/>\n\t<meta name=\"twitter:data1\" content=\"archeopark\" \/>\n\t<meta name=\"twitter:label2\" content=\"Odhadovan\u00e1 doba \u010dten\u00ed\" \/>\n\t<meta name=\"twitter:data2\" content=\"1 minuta\" \/>\n<script type=\"application\/ld+json\" class=\"yoast-schema-graph\">{\"@context\":\"https:\/\/schema.org\",\"@graph\":[{\"@type\":\"Article\",\"@id\":\"http:\/\/archeoparkvsestary.cz\/?p=1106#article\",\"isPartOf\":{\"@id\":\"http:\/\/archeoparkvsestary.cz\/?p=1106\"},\"author\":{\"name\":\"archeopark\",\"@id\":\"https:\/\/archeoparkvsestary.cz\/#\/schema\/person\/84625a8324d2811f0655bb544a0eb6bc\"},\"headline\":\"Z\u00e1\u0159ijov\u00e9 do\u017e\u00ednky v Archeoparku\",\"datePublished\":\"2023-09-21T11:15:17+00:00\",\"dateModified\":\"2023-09-21T11:20:28+00:00\",\"mainEntityOfPage\":{\"@id\":\"http:\/\/archeoparkvsestary.cz\/?p=1106\"},\"wordCount\":32,\"publisher\":{\"@id\":\"https:\/\/archeoparkvsestary.cz\/#organization\"},\"image\":{\"@id\":\"http:\/\/archeoparkvsestary.cz\/?p=1106#primaryimage\"},\"thumbnailUrl\":\"https:\/\/archeoparkvsestary.cz\/wp-content\/uploads\/2023\/09\/DZA_2023_zari_plakat.jpg\",\"articleSection\":[\"Akce\"],\"inLanguage\":\"cs\"},{\"@type\":\"WebPage\",\"@id\":\"http:\/\/archeoparkvsestary.cz\/?p=1106\",\"url\":\"http:\/\/archeoparkvsestary.cz\/?p=1106\",\"name\":\"Z\u00e1\u0159ijov\u00e9 do\u017e\u00ednky v Archeoparku - Archeopark prav\u011bku V\u0161estary\",\"isPartOf\":{\"@id\":\"https:\/\/archeoparkvsestary.cz\/#website\"},\"primaryImageOfPage\":{\"@id\":\"http:\/\/archeoparkvsestary.cz\/?p=1106#primaryimage\"},\"image\":{\"@id\":\"http:\/\/archeoparkvsestary.cz\/?p=1106#primaryimage\"},\"thumbnailUrl\":\"https:\/\/archeoparkvsestary.cz\/wp-content\/uploads\/2023\/09\/DZA_2023_zari_plakat.jpg\",\"datePublished\":\"2023-09-21T11:15:17+00:00\",\"dateModified\":\"2023-09-21T11:20:28+00:00\",\"breadcrumb\":{\"@id\":\"http:\/\/archeoparkvsestary.cz\/?p=1106#breadcrumb\"},\"inLanguage\":\"cs\",\"potentialAction\":[{\"@type\":\"ReadAction\",\"target\":[\"http:\/\/archeoparkvsestary.cz\/?p=1106\"]}]},{\"@type\":\"ImageObject\",\"inLanguage\":\"cs\",\"@id\":\"http:\/\/archeoparkvsestary.cz\/?p=1106#primaryimage\",\"url\":\"https:\/\/archeoparkvsestary.cz\/wp-content\/uploads\/2023\/09\/DZA_2023_zari_plakat.jpg\",\"contentUrl\":\"https:\/\/archeoparkvsestary.cz\/wp-content\/uploads\/2023\/09\/DZA_2023_zari_plakat.jpg\",\"width\":848,\"height\":1200},{\"@type\":\"BreadcrumbList\",\"@id\":\"http:\/\/archeoparkvsestary.cz\/?p=1106#breadcrumb\",\"itemListElement\":[{\"@type\":\"ListItem\",\"position\":1,\"name\":\"Home\",\"item\":\"https:\/\/archeoparkvsestary.cz\/\"},{\"@type\":\"ListItem\",\"position\":2,\"name\":\"Z\u00e1\u0159ijov\u00e9 do\u017e\u00ednky v Archeoparku\"}]},{\"@type\":\"WebSite\",\"@id\":\"https:\/\/archeoparkvsestary.cz\/#website\",\"url\":\"https:\/\/archeoparkvsestary.cz\/\",\"name\":\"Archeopark prav\u011bku V\u0161estary\",\"description\":\"Archeopark prav\u011bku V\u0161estary\",\"publisher\":{\"@id\":\"https:\/\/archeoparkvsestary.cz\/#organization\"},\"potentialAction\":[{\"@type\":\"SearchAction\",\"target\":{\"@type\":\"EntryPoint\",\"urlTemplate\":\"https:\/\/archeoparkvsestary.cz\/?s={search_term_string}\"},\"query-input\":{\"@type\":\"PropertyValueSpecification\",\"valueRequired\":true,\"valueName\":\"search_term_string\"}}],\"inLanguage\":\"cs\"},{\"@type\":\"Organization\",\"@id\":\"https:\/\/archeoparkvsestary.cz\/#organization\",\"name\":\"Archeopark prav\u011bku V\u0161estary\",\"url\":\"https:\/\/archeoparkvsestary.cz\/\",\"logo\":{\"@type\":\"ImageObject\",\"inLanguage\":\"cs\",\"@id\":\"https:\/\/archeoparkvsestary.cz\/#\/schema\/logo\/image\/\",\"url\":\"https:\/\/archeoparkvsestary.cz\/wp-content\/uploads\/2023\/03\/logo_archeopark_nadoba.jpg\",\"contentUrl\":\"https:\/\/archeoparkvsestary.cz\/wp-content\/uploads\/2023\/03\/logo_archeopark_nadoba.jpg\",\"width\":300,\"height\":279,\"caption\":\"Archeopark prav\u011bku V\u0161estary\"},\"image\":{\"@id\":\"https:\/\/archeoparkvsestary.cz\/#\/schema\/logo\/image\/\"},\"sameAs\":[\"https:\/\/www.facebook.com\/archeoparkvsestary\/\"]},{\"@type\":\"Person\",\"@id\":\"https:\/\/archeoparkvsestary.cz\/#\/schema\/person\/84625a8324d2811f0655bb544a0eb6bc\",\"name\":\"archeopark\",\"image\":{\"@type\":\"ImageObject\",\"inLanguage\":\"cs\",\"@id\":\"https:\/\/archeoparkvsestary.cz\/#\/schema\/person\/image\/\",\"url\":\"https:\/\/secure.gravatar.com\/avatar\/c483f3e8d2c1e5d98d1a724e231c36100ffb14f39a9a1761aca5432ad4e49879?s=96&d=mm&r=g\",\"contentUrl\":\"https:\/\/secure.gravatar.com\/avatar\/c483f3e8d2c1e5d98d1a724e231c36100ffb14f39a9a1761aca5432ad4e49879?s=96&d=mm&r=g\",\"caption\":\"archeopark\"},\"sameAs\":[\"http:\/\/archeoparkvsestary.cz\"],\"url\":\"https:\/\/archeoparkvsestary.cz\/?author=1\"}]}<\/script>\n<!-- \/ Yoast SEO plugin. -->","yoast_head_json":{"title":"Z\u00e1\u0159ijov\u00e9 do\u017e\u00ednky v Archeoparku - Archeopark prav\u011bku V\u0161estary","robots":{"index":"index","follow":"follow","max-snippet":"max-snippet:-1","max-image-preview":"max-image-preview:large","max-video-preview":"max-video-preview:-1"},"canonical":"http:\/\/archeoparkvsestary.cz\/?p=1106","og_locale":"cs_CZ","og_type":"article","og_title":"Z\u00e1\u0159ijov\u00e9 do\u017e\u00ednky v Archeoparku - Archeopark prav\u011bku V\u0161estary","og_description":"Archeopark prav\u011bku V\u0161estary V\u00e1s srde\u010dn\u011b zve na posledn\u00ed leto\u0161n\u00ed Dny \u017eiv\u00e9 archeologie, kter\u00e9 jsme p\u0159ipravili na sobotu 30. 9. 2023 od 10:00 do 17:00 hodin.","og_url":"http:\/\/archeoparkvsestary.cz\/?p=1106","og_site_name":"Archeopark prav\u011bku V\u0161estary","article_publisher":"https:\/\/www.facebook.com\/archeoparkvsestary\/","article_published_time":"2023-09-21T11:15:17+00:00","article_modified_time":"2023-09-21T11:20:28+00:00","og_image":[{"width":848,"height":1200,"url":"http:\/\/archeoparkvsestary.cz\/wp-content\/uploads\/2023\/09\/DZA_2023_zari_plakat.jpg","type":"image\/jpeg"}],"author":"archeopark","twitter_card":"summary_large_image","twitter_misc":{"Napsal(a)":"archeopark","Odhadovan\u00e1 doba \u010dten\u00ed":"1 minuta"},"schema":{"@context":"https:\/\/schema.org","@graph":[{"@type":"Article","@id":"http:\/\/archeoparkvsestary.cz\/?p=1106#article","isPartOf":{"@id":"http:\/\/archeoparkvsestary.cz\/?p=1106"},"author":{"name":"archeopark","@id":"https:\/\/archeoparkvsestary.cz\/#\/schema\/person\/84625a8324d2811f0655bb544a0eb6bc"},"headline":"Z\u00e1\u0159ijov\u00e9 do\u017e\u00ednky v Archeoparku","datePublished":"2023-09-21T11:15:17+00:00","dateModified":"2023-09-21T11:20:28+00:00","mainEntityOfPage":{"@id":"http:\/\/archeoparkvsestary.cz\/?p=1106"},"wordCount":32,"publisher":{"@id":"https:\/\/archeoparkvsestary.cz\/#organization"},"image":{"@id":"http:\/\/archeoparkvsestary.cz\/?p=1106#primaryimage"},"thumbnailUrl":"https:\/\/archeoparkvsestary.cz\/wp-content\/uploads\/2023\/09\/DZA_2023_zari_plakat.jpg","articleSection":["Akce"],"inLanguage":"cs"},{"@type":"WebPage","@id":"http:\/\/archeoparkvsestary.cz\/?p=1106","url":"http:\/\/archeoparkvsestary.cz\/?p=1106","name":"Z\u00e1\u0159ijov\u00e9 do\u017e\u00ednky v Archeoparku - Archeopark prav\u011bku V\u0161estary","isPartOf":{"@id":"https:\/\/archeoparkvsestary.cz\/#website"},"primaryImageOfPage":{"@id":"http:\/\/archeoparkvsestary.cz\/?p=1106#primaryimage"},"image":{"@id":"http:\/\/archeoparkvsestary.cz\/?p=1106#primaryimage"},"thumbnailUrl":"https:\/\/archeoparkvsestary.cz\/wp-content\/uploads\/2023\/09\/DZA_2023_zari_plakat.jpg","datePublished":"2023-09-21T11:15:17+00:00","dateModified":"2023-09-21T11:20:28+00:00","breadcrumb":{"@id":"http:\/\/archeoparkvsestary.cz\/?p=1106#breadcrumb"},"inLanguage":"cs","potentialAction":[{"@type":"ReadAction","target":["http:\/\/archeoparkvsestary.cz\/?p=1106"]}]},{"@type":"ImageObject","inLanguage":"cs","@id":"http:\/\/archeoparkvsestary.cz\/?p=1106#primaryimage","url":"https:\/\/archeoparkvsestary.cz\/wp-content\/uploads\/2023\/09\/DZA_2023_zari_plakat.jpg","contentUrl":"https:\/\/archeoparkvsestary.cz\/wp-content\/uploads\/2023\/09\/DZA_2023_zari_plakat.jpg","width":848,"height":1200},{"@type":"BreadcrumbList","@id":"http:\/\/archeoparkvsestary.cz\/?p=1106#breadcrumb","itemListElement":[{"@type":"ListItem","position":1,"name":"Home","item":"https:\/\/archeoparkvsestary.cz\/"},{"@type":"ListItem","position":2,"name":"Z\u00e1\u0159ijov\u00e9 do\u017e\u00ednky v Archeoparku"}]},{"@type":"WebSite","@id":"https:\/\/archeoparkvsestary.cz\/#website","url":"https:\/\/archeoparkvsestary.cz\/","name":"Archeopark prav\u011bku V\u0161estary","description":"Archeopark prav\u011bku V\u0161estary","publisher":{"@id":"https:\/\/archeoparkvsestary.cz\/#organization"},"potentialAction":[{"@type":"SearchAction","target":{"@type":"EntryPoint","urlTemplate":"https:\/\/archeoparkvsestary.cz\/?s={search_term_string}"},"query-input":{"@type":"PropertyValueSpecification","valueRequired":true,"valueName":"search_term_string"}}],"inLanguage":"cs"},{"@type":"Organization","@id":"https:\/\/archeoparkvsestary.cz\/#organization","name":"Archeopark prav\u011bku V\u0161estary","url":"https:\/\/archeoparkvsestary.cz\/","logo":{"@type":"ImageObject","inLanguage":"cs","@id":"https:\/\/archeoparkvsestary.cz\/#\/schema\/logo\/image\/","url":"https:\/\/archeoparkvsestary.cz\/wp-content\/uploads\/2023\/03\/logo_archeopark_nadoba.jpg","contentUrl":"https:\/\/archeoparkvsestary.cz\/wp-content\/uploads\/2023\/03\/logo_archeopark_nadoba.jpg","width":300,"height":279,"caption":"Archeopark prav\u011bku V\u0161estary"},"image":{"@id":"https:\/\/archeoparkvsestary.cz\/#\/schema\/logo\/image\/"},"sameAs":["https:\/\/www.facebook.com\/archeoparkvsestary\/"]},{"@type":"Person","@id":"https:\/\/archeoparkvsestary.cz\/#\/schema\/person\/84625a8324d2811f0655bb544a0eb6bc","name":"archeopark","image":{"@type":"ImageObject","inLanguage":"cs","@id":"https:\/\/archeoparkvsestary.cz\/#\/schema\/person\/image\/","url":"https:\/\/secure.gravatar.com\/avatar\/c483f3e8d2c1e5d98d1a724e231c36100ffb14f39a9a1761aca5432ad4e49879?s=96&d=mm&r=g","contentUrl":"https:\/\/secure.gravatar.com\/avatar\/c483f3e8d2c1e5d98d1a724e231c36100ffb14f39a9a1761aca5432ad4e49879?s=96&d=mm&r=g","caption":"archeopark"},"sameAs":["http:\/\/archeoparkvsestary.cz"],"url":"https:\/\/archeoparkvsestary.cz\/?author=1"}]}},"_links":{"self":[{"href":"https:\/\/archeoparkvsestary.cz\/index.php?rest_route=\/wp\/v2\/posts\/1106","targetHints":{"allow":["GET"]}}],"collection":[{"href":"https:\/\/archeoparkvsestary.cz\/index.php?rest_route=\/wp\/v2\/posts"}],"about":[{"href":"https:\/\/archeoparkvsestary.cz\/index.php?rest_route=\/wp\/v2\/types\/post"}],"author":[{"embeddable":true,"href":"https:\/\/archeoparkvsestary.cz\/index.php?rest_route=\/wp\/v2\/users\/1"}],"replies":[{"embeddable":true,"href":"https:\/\/archeoparkvsestary.cz\/index.php?rest_route=%2Fwp%2Fv2%2Fcomments&post=1106"}],"version-history":[{"count":1,"href":"https:\/\/archeoparkvsestary.cz\/index.php?rest_route=\/wp\/v2\/posts\/1106\/revisions"}],"predecessor-version":[{"id":1108,"href":"https:\/\/archeoparkvsestary.cz\/index.php?rest_route=\/wp\/v2\/posts\/1106\/revisions\/1108"}],"wp:featuredmedia":[{"embeddable":true,"href":"https:\/\/archeoparkvsestary.cz\/index.php?rest_route=\/wp\/v2\/media\/1107"}],"wp:attachment":[{"href":"https:\/\/archeoparkvsestary.cz\/index.php?rest_route=%2Fwp%2Fv2%2Fmedia&parent=1106"}],"wp:term":[{"taxonomy":"category","embeddable":true,"href":"https:\/\/archeoparkvsestary.cz\/index.php?rest_route=%2Fwp%2Fv2%2Fcategories&post=1106"},{"taxonomy":"post_tag","embeddable":true,"href":"https:\/\/archeoparkvsestary.cz\/index.php?rest_route=%2Fwp%2Fv2%2Ftags&post=1106"}],"curies":[{"name":"wp","href":"https:\/\/api.w.org\/{rel}","templated":true}]}}