{"id":1490,"date":"2024-01-25T11:46:35","date_gmt":"2024-01-25T10:46:35","guid":{"rendered":"https:\/\/archeoparkvsestary.cz\/?p=1490"},"modified":"2024-01-25T13:01:31","modified_gmt":"2024-01-25T12:01:31","slug":"praveke-dilnicky-pro-deti","status":"publish","type":"post","link":"https:\/\/archeoparkvsestary.cz\/?p=1490","title":{"rendered":"Prav\u011bk\u00e9 d\u00edlni\u010dky pro d\u011bti"},"content":{"rendered":"\n<p><strong>Imbolc nebo Hromnice u n\u00e1s dozv\u00ed\u0161 se v\u00edce.<\/strong><\/p>\n\n\n\n<p>Zveme V\u00e1s na d\u00edlni\u010dky pro d\u011bti, kter\u00e9 se konaj\u00ed dne <strong>2.2.2024<\/strong> od <strong>10:00h<\/strong> do <strong>17:00h<\/strong> v <strong>Archeoparku V\u0161estary<\/strong>. <\/p>\n\n\n\n<p>Tentokr\u00e1t si \u201eposv\u00edt\u00edme\u201c na tradice spojen\u00e9 s obdob\u00edm prodlu\u017euj\u00edc\u00edho se dne a bl\u00ed\u017e\u00edc\u00edho se jara. D\u011bti si pazourkov\u00fdmi n\u00e1stroji vyrob\u00ed d\u0159ev\u011bnou so\u0161ku, ze sl\u00e1my upletou Brigitin k\u0159\u00ed\u017e a z keramick\u00e9 hmoty vytvo\u0159\u00ed lampi\u010dku. Pro z\u00e1jemce budou p\u0159ipraveny uk\u00e1zky prav\u011bk\u00fdch zp\u016fsob\u016f rozd\u011bl\u00e1v\u00e1n\u00ed ohn\u011b.<\/p>\n\n\n\n<p>D\u00edlny jsou ur\u010deny p\u0159edev\u0161\u00edm pro d\u011bti od 4 do 12 let.<\/p>\n\n\n\n<p><em><strong>Z d\u016fvodu stavebn\u00edch prac\u00ed u parkovi\u0161t\u011b, doporu\u010dujeme parkovat p\u0159ed baz\u00e9nem<\/strong><\/em>.<\/p>\n\n\n\n<p>T\u011b\u0161\u00edme se na vid\u011bnou.<\/p>\n\n\n\n<div style=\"height:30px\" aria-hidden=\"true\" class=\"wp-block-spacer\"><\/div>\n\n\n<div class=\"wp-block-image\">\n<figure class=\"aligncenter size-full\"><img loading=\"lazy\" decoding=\"async\" width=\"600\" height=\"225\" src=\"http:\/\/archeoparkvsestary.cz\/wp-content\/uploads\/2024\/01\/foto2.jpg\" alt=\"\" class=\"wp-image-1498\" srcset=\"https:\/\/archeoparkvsestary.cz\/wp-content\/uploads\/2024\/01\/foto2.jpg 600w, https:\/\/archeoparkvsestary.cz\/wp-content\/uploads\/2024\/01\/foto2-300x113.jpg 300w\" sizes=\"auto, (max-width: 600px) 100vw, 600px\" \/><\/figure>\n<\/div>","protected":false},"excerpt":{"rendered":"<p>Imbolc nebo Hromnice u n\u00e1s dozv\u00ed\u0161 se v\u00edce. Zveme V\u00e1s na d\u00edlni\u010dky pro d\u011bti, kter\u00e9 se konaj\u00ed dne 2.2.2024 od 10:00h do 17:00h v Archeoparku V\u0161estary. Tentokr\u00e1t si \u201eposv\u00edt\u00edme\u201c na tradice spojen\u00e9 s obdob\u00edm prodlu\u017euj\u00edc\u00edho se dne a bl\u00ed\u017e\u00edc\u00edho se jara. D\u011bti si pazourkov\u00fdmi n\u00e1stroji vyrob\u00ed d\u0159ev\u011bnou so\u0161ku, ze sl\u00e1my upletou Brigitin k\u0159\u00ed\u017e a z keramick\u00e9 hmoty vytvo\u0159\u00ed lampi\u010dku. Pro z\u00e1jemce budou p\u0159ipraveny uk\u00e1zky prav\u011bk\u00fdch zp\u016fsob\u016f rozd\u011bl\u00e1v\u00e1n\u00ed ohn\u011b. D\u00edlny jsou ur\u010deny p\u0159edev\u0161\u00edm pro d\u011bti od 4 do 12 let. Z d\u016fvodu stavebn\u00edch prac\u00ed u parkovi\u0161t\u011b, doporu\u010dujeme parkovat p\u0159ed baz\u00e9nem. T\u011b\u0161\u00edme se na vid\u011bnou.<\/p>\n","protected":false},"author":1,"featured_media":1497,"comment_status":"closed","ping_status":"open","sticky":false,"template":"","format":"standard","meta":{"_monsterinsights_skip_tracking":false,"_monsterinsights_sitenote_active":false,"_monsterinsights_sitenote_note":"","_monsterinsights_sitenote_category":0,"footnotes":""},"categories":[5,16],"tags":[],"class_list":["post-1490","post","type-post","status-publish","format-standard","has-post-thumbnail","hentry","category-akce","category-dilny"],"yoast_head":"<!-- This site is optimized with the Yoast SEO plugin v26.7 - https:\/\/yoast.com\/wordpress\/plugins\/seo\/ -->\n<title>Prav\u011bk\u00e9 d\u00edlni\u010dky pro d\u011bti - Archeopark prav\u011bku V\u0161estary<\/title>\n<meta name=\"robots\" content=\"index, follow, max-snippet:-1, max-image-preview:large, max-video-preview:-1\" \/>\n<link rel=\"canonical\" href=\"https:\/\/archeoparkvsestary.cz\/?p=1490\" \/>\n<meta property=\"og:locale\" content=\"cs_CZ\" \/>\n<meta property=\"og:type\" content=\"article\" \/>\n<meta property=\"og:title\" content=\"Prav\u011bk\u00e9 d\u00edlni\u010dky pro d\u011bti - Archeopark prav\u011bku V\u0161estary\" \/>\n<meta property=\"og:description\" content=\"Imbolc nebo Hromnice u n\u00e1s dozv\u00ed\u0161 se v\u00edce. Zveme V\u00e1s na d\u00edlni\u010dky pro d\u011bti, kter\u00e9 se konaj\u00ed dne 2.2.2024 od 10:00h do 17:00h v Archeoparku V\u0161estary. Tentokr\u00e1t si \u201eposv\u00edt\u00edme\u201c na tradice spojen\u00e9 s obdob\u00edm prodlu\u017euj\u00edc\u00edho se dne a bl\u00ed\u017e\u00edc\u00edho se jara. D\u011bti si pazourkov\u00fdmi n\u00e1stroji vyrob\u00ed d\u0159ev\u011bnou so\u0161ku, ze sl\u00e1my upletou Brigitin k\u0159\u00ed\u017e a z keramick\u00e9 hmoty vytvo\u0159\u00ed lampi\u010dku. Pro z\u00e1jemce budou p\u0159ipraveny uk\u00e1zky prav\u011bk\u00fdch zp\u016fsob\u016f rozd\u011bl\u00e1v\u00e1n\u00ed ohn\u011b. D\u00edlny jsou ur\u010deny p\u0159edev\u0161\u00edm pro d\u011bti od 4 do 12 let. Z d\u016fvodu stavebn\u00edch prac\u00ed u parkovi\u0161t\u011b, doporu\u010dujeme parkovat p\u0159ed baz\u00e9nem. T\u011b\u0161\u00edme se na vid\u011bnou.\" \/>\n<meta property=\"og:url\" content=\"https:\/\/archeoparkvsestary.cz\/?p=1490\" \/>\n<meta property=\"og:site_name\" content=\"Archeopark prav\u011bku V\u0161estary\" \/>\n<meta property=\"article:publisher\" content=\"https:\/\/www.facebook.com\/archeoparkvsestary\/\" \/>\n<meta property=\"article:published_time\" content=\"2024-01-25T10:46:35+00:00\" \/>\n<meta property=\"article:modified_time\" content=\"2024-01-25T12:01:31+00:00\" \/>\n<meta property=\"og:image\" content=\"https:\/\/archeoparkvsestary.cz\/wp-content\/uploads\/2024\/01\/dilny_unor_2024.jpg\" \/>\n\t<meta property=\"og:image:width\" content=\"600\" \/>\n\t<meta property=\"og:image:height\" content=\"450\" \/>\n\t<meta property=\"og:image:type\" content=\"image\/jpeg\" \/>\n<meta name=\"author\" content=\"archeopark\" \/>\n<meta name=\"twitter:card\" content=\"summary_large_image\" \/>\n<meta name=\"twitter:label1\" content=\"Napsal(a)\" \/>\n\t<meta name=\"twitter:data1\" content=\"archeopark\" \/>\n\t<meta name=\"twitter:label2\" content=\"Odhadovan\u00e1 doba \u010dten\u00ed\" \/>\n\t<meta name=\"twitter:data2\" content=\"1 minuta\" \/>\n<script type=\"application\/ld+json\" class=\"yoast-schema-graph\">{\"@context\":\"https:\/\/schema.org\",\"@graph\":[{\"@type\":\"Article\",\"@id\":\"https:\/\/archeoparkvsestary.cz\/?p=1490#article\",\"isPartOf\":{\"@id\":\"https:\/\/archeoparkvsestary.cz\/?p=1490\"},\"author\":{\"name\":\"archeopark\",\"@id\":\"https:\/\/archeoparkvsestary.cz\/#\/schema\/person\/84625a8324d2811f0655bb544a0eb6bc\"},\"headline\":\"Prav\u011bk\u00e9 d\u00edlni\u010dky pro d\u011bti\",\"datePublished\":\"2024-01-25T10:46:35+00:00\",\"dateModified\":\"2024-01-25T12:01:31+00:00\",\"mainEntityOfPage\":{\"@id\":\"https:\/\/archeoparkvsestary.cz\/?p=1490\"},\"wordCount\":144,\"publisher\":{\"@id\":\"https:\/\/archeoparkvsestary.cz\/#organization\"},\"image\":{\"@id\":\"https:\/\/archeoparkvsestary.cz\/?p=1490#primaryimage\"},\"thumbnailUrl\":\"https:\/\/archeoparkvsestary.cz\/wp-content\/uploads\/2024\/01\/dilny_unor_2024.jpg\",\"articleSection\":[\"Akce\",\"D\u00edlny\"],\"inLanguage\":\"cs\"},{\"@type\":\"WebPage\",\"@id\":\"https:\/\/archeoparkvsestary.cz\/?p=1490\",\"url\":\"https:\/\/archeoparkvsestary.cz\/?p=1490\",\"name\":\"Prav\u011bk\u00e9 d\u00edlni\u010dky pro d\u011bti - Archeopark prav\u011bku V\u0161estary\",\"isPartOf\":{\"@id\":\"https:\/\/archeoparkvsestary.cz\/#website\"},\"primaryImageOfPage\":{\"@id\":\"https:\/\/archeoparkvsestary.cz\/?p=1490#primaryimage\"},\"image\":{\"@id\":\"https:\/\/archeoparkvsestary.cz\/?p=1490#primaryimage\"},\"thumbnailUrl\":\"https:\/\/archeoparkvsestary.cz\/wp-content\/uploads\/2024\/01\/dilny_unor_2024.jpg\",\"datePublished\":\"2024-01-25T10:46:35+00:00\",\"dateModified\":\"2024-01-25T12:01:31+00:00\",\"breadcrumb\":{\"@id\":\"https:\/\/archeoparkvsestary.cz\/?p=1490#breadcrumb\"},\"inLanguage\":\"cs\",\"potentialAction\":[{\"@type\":\"ReadAction\",\"target\":[\"https:\/\/archeoparkvsestary.cz\/?p=1490\"]}]},{\"@type\":\"ImageObject\",\"inLanguage\":\"cs\",\"@id\":\"https:\/\/archeoparkvsestary.cz\/?p=1490#primaryimage\",\"url\":\"https:\/\/archeoparkvsestary.cz\/wp-content\/uploads\/2024\/01\/dilny_unor_2024.jpg\",\"contentUrl\":\"https:\/\/archeoparkvsestary.cz\/wp-content\/uploads\/2024\/01\/dilny_unor_2024.jpg\",\"width\":600,\"height\":450},{\"@type\":\"BreadcrumbList\",\"@id\":\"https:\/\/archeoparkvsestary.cz\/?p=1490#breadcrumb\",\"itemListElement\":[{\"@type\":\"ListItem\",\"position\":1,\"name\":\"Home\",\"item\":\"https:\/\/archeoparkvsestary.cz\/\"},{\"@type\":\"ListItem\",\"position\":2,\"name\":\"Prav\u011bk\u00e9 d\u00edlni\u010dky pro d\u011bti\"}]},{\"@type\":\"WebSite\",\"@id\":\"https:\/\/archeoparkvsestary.cz\/#website\",\"url\":\"https:\/\/archeoparkvsestary.cz\/\",\"name\":\"Archeopark prav\u011bku V\u0161estary\",\"description\":\"Archeopark prav\u011bku V\u0161estary\",\"publisher\":{\"@id\":\"https:\/\/archeoparkvsestary.cz\/#organization\"},\"potentialAction\":[{\"@type\":\"SearchAction\",\"target\":{\"@type\":\"EntryPoint\",\"urlTemplate\":\"https:\/\/archeoparkvsestary.cz\/?s={search_term_string}\"},\"query-input\":{\"@type\":\"PropertyValueSpecification\",\"valueRequired\":true,\"valueName\":\"search_term_string\"}}],\"inLanguage\":\"cs\"},{\"@type\":\"Organization\",\"@id\":\"https:\/\/archeoparkvsestary.cz\/#organization\",\"name\":\"Archeopark prav\u011bku V\u0161estary\",\"url\":\"https:\/\/archeoparkvsestary.cz\/\",\"logo\":{\"@type\":\"ImageObject\",\"inLanguage\":\"cs\",\"@id\":\"https:\/\/archeoparkvsestary.cz\/#\/schema\/logo\/image\/\",\"url\":\"https:\/\/archeoparkvsestary.cz\/wp-content\/uploads\/2023\/03\/logo_archeopark_nadoba.jpg\",\"contentUrl\":\"https:\/\/archeoparkvsestary.cz\/wp-content\/uploads\/2023\/03\/logo_archeopark_nadoba.jpg\",\"width\":300,\"height\":279,\"caption\":\"Archeopark prav\u011bku V\u0161estary\"},\"image\":{\"@id\":\"https:\/\/archeoparkvsestary.cz\/#\/schema\/logo\/image\/\"},\"sameAs\":[\"https:\/\/www.facebook.com\/archeoparkvsestary\/\"]},{\"@type\":\"Person\",\"@id\":\"https:\/\/archeoparkvsestary.cz\/#\/schema\/person\/84625a8324d2811f0655bb544a0eb6bc\",\"name\":\"archeopark\",\"image\":{\"@type\":\"ImageObject\",\"inLanguage\":\"cs\",\"@id\":\"https:\/\/archeoparkvsestary.cz\/#\/schema\/person\/image\/\",\"url\":\"https:\/\/secure.gravatar.com\/avatar\/c483f3e8d2c1e5d98d1a724e231c36100ffb14f39a9a1761aca5432ad4e49879?s=96&d=mm&r=g\",\"contentUrl\":\"https:\/\/secure.gravatar.com\/avatar\/c483f3e8d2c1e5d98d1a724e231c36100ffb14f39a9a1761aca5432ad4e49879?s=96&d=mm&r=g\",\"caption\":\"archeopark\"},\"sameAs\":[\"http:\/\/archeoparkvsestary.cz\"],\"url\":\"https:\/\/archeoparkvsestary.cz\/?author=1\"}]}<\/script>\n<!-- \/ Yoast SEO plugin. -->","yoast_head_json":{"title":"Prav\u011bk\u00e9 d\u00edlni\u010dky pro d\u011bti - Archeopark prav\u011bku V\u0161estary","robots":{"index":"index","follow":"follow","max-snippet":"max-snippet:-1","max-image-preview":"max-image-preview:large","max-video-preview":"max-video-preview:-1"},"canonical":"https:\/\/archeoparkvsestary.cz\/?p=1490","og_locale":"cs_CZ","og_type":"article","og_title":"Prav\u011bk\u00e9 d\u00edlni\u010dky pro d\u011bti - Archeopark prav\u011bku V\u0161estary","og_description":"Imbolc nebo Hromnice u n\u00e1s dozv\u00ed\u0161 se v\u00edce. Zveme V\u00e1s na d\u00edlni\u010dky pro d\u011bti, kter\u00e9 se konaj\u00ed dne 2.2.2024 od 10:00h do 17:00h v Archeoparku V\u0161estary. Tentokr\u00e1t si \u201eposv\u00edt\u00edme\u201c na tradice spojen\u00e9 s obdob\u00edm prodlu\u017euj\u00edc\u00edho se dne a bl\u00ed\u017e\u00edc\u00edho se jara. D\u011bti si pazourkov\u00fdmi n\u00e1stroji vyrob\u00ed d\u0159ev\u011bnou so\u0161ku, ze sl\u00e1my upletou Brigitin k\u0159\u00ed\u017e a z keramick\u00e9 hmoty vytvo\u0159\u00ed lampi\u010dku. Pro z\u00e1jemce budou p\u0159ipraveny uk\u00e1zky prav\u011bk\u00fdch zp\u016fsob\u016f rozd\u011bl\u00e1v\u00e1n\u00ed ohn\u011b. D\u00edlny jsou ur\u010deny p\u0159edev\u0161\u00edm pro d\u011bti od 4 do 12 let. Z d\u016fvodu stavebn\u00edch prac\u00ed u parkovi\u0161t\u011b, doporu\u010dujeme parkovat p\u0159ed baz\u00e9nem. T\u011b\u0161\u00edme se na vid\u011bnou.","og_url":"https:\/\/archeoparkvsestary.cz\/?p=1490","og_site_name":"Archeopark prav\u011bku V\u0161estary","article_publisher":"https:\/\/www.facebook.com\/archeoparkvsestary\/","article_published_time":"2024-01-25T10:46:35+00:00","article_modified_time":"2024-01-25T12:01:31+00:00","og_image":[{"width":600,"height":450,"url":"https:\/\/archeoparkvsestary.cz\/wp-content\/uploads\/2024\/01\/dilny_unor_2024.jpg","type":"image\/jpeg"}],"author":"archeopark","twitter_card":"summary_large_image","twitter_misc":{"Napsal(a)":"archeopark","Odhadovan\u00e1 doba \u010dten\u00ed":"1 minuta"},"schema":{"@context":"https:\/\/schema.org","@graph":[{"@type":"Article","@id":"https:\/\/archeoparkvsestary.cz\/?p=1490#article","isPartOf":{"@id":"https:\/\/archeoparkvsestary.cz\/?p=1490"},"author":{"name":"archeopark","@id":"https:\/\/archeoparkvsestary.cz\/#\/schema\/person\/84625a8324d2811f0655bb544a0eb6bc"},"headline":"Prav\u011bk\u00e9 d\u00edlni\u010dky pro d\u011bti","datePublished":"2024-01-25T10:46:35+00:00","dateModified":"2024-01-25T12:01:31+00:00","mainEntityOfPage":{"@id":"https:\/\/archeoparkvsestary.cz\/?p=1490"},"wordCount":144,"publisher":{"@id":"https:\/\/archeoparkvsestary.cz\/#organization"},"image":{"@id":"https:\/\/archeoparkvsestary.cz\/?p=1490#primaryimage"},"thumbnailUrl":"https:\/\/archeoparkvsestary.cz\/wp-content\/uploads\/2024\/01\/dilny_unor_2024.jpg","articleSection":["Akce","D\u00edlny"],"inLanguage":"cs"},{"@type":"WebPage","@id":"https:\/\/archeoparkvsestary.cz\/?p=1490","url":"https:\/\/archeoparkvsestary.cz\/?p=1490","name":"Prav\u011bk\u00e9 d\u00edlni\u010dky pro d\u011bti - Archeopark prav\u011bku V\u0161estary","isPartOf":{"@id":"https:\/\/archeoparkvsestary.cz\/#website"},"primaryImageOfPage":{"@id":"https:\/\/archeoparkvsestary.cz\/?p=1490#primaryimage"},"image":{"@id":"https:\/\/archeoparkvsestary.cz\/?p=1490#primaryimage"},"thumbnailUrl":"https:\/\/archeoparkvsestary.cz\/wp-content\/uploads\/2024\/01\/dilny_unor_2024.jpg","datePublished":"2024-01-25T10:46:35+00:00","dateModified":"2024-01-25T12:01:31+00:00","breadcrumb":{"@id":"https:\/\/archeoparkvsestary.cz\/?p=1490#breadcrumb"},"inLanguage":"cs","potentialAction":[{"@type":"ReadAction","target":["https:\/\/archeoparkvsestary.cz\/?p=1490"]}]},{"@type":"ImageObject","inLanguage":"cs","@id":"https:\/\/archeoparkvsestary.cz\/?p=1490#primaryimage","url":"https:\/\/archeoparkvsestary.cz\/wp-content\/uploads\/2024\/01\/dilny_unor_2024.jpg","contentUrl":"https:\/\/archeoparkvsestary.cz\/wp-content\/uploads\/2024\/01\/dilny_unor_2024.jpg","width":600,"height":450},{"@type":"BreadcrumbList","@id":"https:\/\/archeoparkvsestary.cz\/?p=1490#breadcrumb","itemListElement":[{"@type":"ListItem","position":1,"name":"Home","item":"https:\/\/archeoparkvsestary.cz\/"},{"@type":"ListItem","position":2,"name":"Prav\u011bk\u00e9 d\u00edlni\u010dky pro d\u011bti"}]},{"@type":"WebSite","@id":"https:\/\/archeoparkvsestary.cz\/#website","url":"https:\/\/archeoparkvsestary.cz\/","name":"Archeopark prav\u011bku V\u0161estary","description":"Archeopark prav\u011bku V\u0161estary","publisher":{"@id":"https:\/\/archeoparkvsestary.cz\/#organization"},"potentialAction":[{"@type":"SearchAction","target":{"@type":"EntryPoint","urlTemplate":"https:\/\/archeoparkvsestary.cz\/?s={search_term_string}"},"query-input":{"@type":"PropertyValueSpecification","valueRequired":true,"valueName":"search_term_string"}}],"inLanguage":"cs"},{"@type":"Organization","@id":"https:\/\/archeoparkvsestary.cz\/#organization","name":"Archeopark prav\u011bku V\u0161estary","url":"https:\/\/archeoparkvsestary.cz\/","logo":{"@type":"ImageObject","inLanguage":"cs","@id":"https:\/\/archeoparkvsestary.cz\/#\/schema\/logo\/image\/","url":"https:\/\/archeoparkvsestary.cz\/wp-content\/uploads\/2023\/03\/logo_archeopark_nadoba.jpg","contentUrl":"https:\/\/archeoparkvsestary.cz\/wp-content\/uploads\/2023\/03\/logo_archeopark_nadoba.jpg","width":300,"height":279,"caption":"Archeopark prav\u011bku V\u0161estary"},"image":{"@id":"https:\/\/archeoparkvsestary.cz\/#\/schema\/logo\/image\/"},"sameAs":["https:\/\/www.facebook.com\/archeoparkvsestary\/"]},{"@type":"Person","@id":"https:\/\/archeoparkvsestary.cz\/#\/schema\/person\/84625a8324d2811f0655bb544a0eb6bc","name":"archeopark","image":{"@type":"ImageObject","inLanguage":"cs","@id":"https:\/\/archeoparkvsestary.cz\/#\/schema\/person\/image\/","url":"https:\/\/secure.gravatar.com\/avatar\/c483f3e8d2c1e5d98d1a724e231c36100ffb14f39a9a1761aca5432ad4e49879?s=96&d=mm&r=g","contentUrl":"https:\/\/secure.gravatar.com\/avatar\/c483f3e8d2c1e5d98d1a724e231c36100ffb14f39a9a1761aca5432ad4e49879?s=96&d=mm&r=g","caption":"archeopark"},"sameAs":["http:\/\/archeoparkvsestary.cz"],"url":"https:\/\/archeoparkvsestary.cz\/?author=1"}]}},"_links":{"self":[{"href":"https:\/\/archeoparkvsestary.cz\/index.php?rest_route=\/wp\/v2\/posts\/1490","targetHints":{"allow":["GET"]}}],"collection":[{"href":"https:\/\/archeoparkvsestary.cz\/index.php?rest_route=\/wp\/v2\/posts"}],"about":[{"href":"https:\/\/archeoparkvsestary.cz\/index.php?rest_route=\/wp\/v2\/types\/post"}],"author":[{"embeddable":true,"href":"https:\/\/archeoparkvsestary.cz\/index.php?rest_route=\/wp\/v2\/users\/1"}],"replies":[{"embeddable":true,"href":"https:\/\/archeoparkvsestary.cz\/index.php?rest_route=%2Fwp%2Fv2%2Fcomments&post=1490"}],"version-history":[{"count":5,"href":"https:\/\/archeoparkvsestary.cz\/index.php?rest_route=\/wp\/v2\/posts\/1490\/revisions"}],"predecessor-version":[{"id":1504,"href":"https:\/\/archeoparkvsestary.cz\/index.php?rest_route=\/wp\/v2\/posts\/1490\/revisions\/1504"}],"wp:featuredmedia":[{"embeddable":true,"href":"https:\/\/archeoparkvsestary.cz\/index.php?rest_route=\/wp\/v2\/media\/1497"}],"wp:attachment":[{"href":"https:\/\/archeoparkvsestary.cz\/index.php?rest_route=%2Fwp%2Fv2%2Fmedia&parent=1490"}],"wp:term":[{"taxonomy":"category","embeddable":true,"href":"https:\/\/archeoparkvsestary.cz\/index.php?rest_route=%2Fwp%2Fv2%2Fcategories&post=1490"},{"taxonomy":"post_tag","embeddable":true,"href":"https:\/\/archeoparkvsestary.cz\/index.php?rest_route=%2Fwp%2Fv2%2Ftags&post=1490"}],"curies":[{"name":"wp","href":"https:\/\/api.w.org\/{rel}","templated":true}]}}