{"id":1612,"date":"2024-05-03T11:23:09","date_gmt":"2024-05-03T09:23:09","guid":{"rendered":"https:\/\/archeoparkvsestary.cz\/?p=1612"},"modified":"2024-05-03T11:23:10","modified_gmt":"2024-05-03T09:23:10","slug":"akce-pro-deti-smena-je-zivot","status":"publish","type":"post","link":"https:\/\/archeoparkvsestary.cz\/?p=1612","title":{"rendered":"Akce pro d\u011bti &#8222;Sm\u011bna je \u017eivot&#8220;"},"content":{"rendered":"\n<p>Nejlep\u0161\u00ed nab\u00eddka t\u00fddne! Va\u0161e prvn\u00ed volba!<\/p>\n\n\n\n<p>Ve st\u0159edu 8. 5. 2024 u n\u00e1s r\u00e1di p\u0159iv\u00edt\u00e1me mal\u00e9 obchodn\u00edky a obchodnice, aby se dozv\u011bd\u011bli v\u00edce o nakupov\u00e1n\u00ed, platidlech i p\u0159eprav\u011b zbo\u017e\u00ed v prav\u011bku.<\/p>\n\n\n\n<p><\/p>\n\n\n\n<p><strong>Ak\u010dn\u00ed nab\u00eddka pro tento den!<\/strong><\/p>\n\n\n\n<p><strong>P\u0159ineste z domova sv\u016fj vlastn\u00ed v\u00fdrobek s prav\u011bkou t\u00e9matikou (z pap\u00edru, d\u0159eva, hl\u00edny, textilu&#8230;.) a sm\u011b\u0148te ho za zbo\u017e\u00ed na na\u0161em prav\u011bk\u00e9m tr\u017ei\u0161ti.<\/strong> Plat\u00ed do vyprod\u00e1n\u00ed z\u00e1sob!<\/p>\n\n\n\n<p>Exkluzivn\u011b pro tento den nab\u00edz\u00edme mo\u017enost v\u00fdroby \u0161perku z m\u011bd\u011bn\u00e9ho dr\u00e1tku.<\/p>\n\n\n\n<p><\/p>\n","protected":false},"excerpt":{"rendered":"<p>Nejlep\u0161\u00ed nab\u00eddka t\u00fddne! Va\u0161e prvn\u00ed volba! Ve st\u0159edu 8. 5. 2024 u n\u00e1s r\u00e1di p\u0159iv\u00edt\u00e1me mal\u00e9 obchodn\u00edky a obchodnice, aby se dozv\u011bd\u011bli v\u00edce o nakupov\u00e1n\u00ed, platidlech i p\u0159eprav\u011b zbo\u017e\u00ed v prav\u011bku. Ak\u010dn\u00ed nab\u00eddka pro tento den! P\u0159ineste z domova sv\u016fj vlastn\u00ed v\u00fdrobek s prav\u011bkou t\u00e9matikou (z pap\u00edru, d\u0159eva, hl\u00edny, textilu&#8230;.) a sm\u011b\u0148te ho za zbo\u017e\u00ed na na\u0161em prav\u011bk\u00e9m tr\u017ei\u0161ti. Plat\u00ed do vyprod\u00e1n\u00ed z\u00e1sob! Exkluzivn\u011b pro tento den nab\u00edz\u00edme mo\u017enost v\u00fdroby \u0161perku z m\u011bd\u011bn\u00e9ho dr\u00e1tku.<\/p>\n","protected":false},"author":1,"featured_media":1611,"comment_status":"closed","ping_status":"open","sticky":false,"template":"","format":"standard","meta":{"_monsterinsights_skip_tracking":false,"_monsterinsights_sitenote_active":false,"_monsterinsights_sitenote_note":"","_monsterinsights_sitenote_category":0,"footnotes":""},"categories":[5],"tags":[],"class_list":["post-1612","post","type-post","status-publish","format-standard","has-post-thumbnail","hentry","category-akce"],"yoast_head":"<!-- This site is optimized with the Yoast SEO plugin v26.7 - https:\/\/yoast.com\/wordpress\/plugins\/seo\/ -->\n<title>Akce pro d\u011bti &quot;Sm\u011bna je \u017eivot&quot; - Archeopark prav\u011bku V\u0161estary<\/title>\n<meta name=\"robots\" content=\"index, follow, max-snippet:-1, max-image-preview:large, max-video-preview:-1\" \/>\n<link rel=\"canonical\" href=\"https:\/\/archeoparkvsestary.cz\/?p=1612\" \/>\n<meta property=\"og:locale\" content=\"cs_CZ\" \/>\n<meta property=\"og:type\" content=\"article\" \/>\n<meta property=\"og:title\" content=\"Akce pro d\u011bti &quot;Sm\u011bna je \u017eivot&quot; - Archeopark prav\u011bku V\u0161estary\" \/>\n<meta property=\"og:description\" content=\"Nejlep\u0161\u00ed nab\u00eddka t\u00fddne! Va\u0161e prvn\u00ed volba! Ve st\u0159edu 8. 5. 2024 u n\u00e1s r\u00e1di p\u0159iv\u00edt\u00e1me mal\u00e9 obchodn\u00edky a obchodnice, aby se dozv\u011bd\u011bli v\u00edce o nakupov\u00e1n\u00ed, platidlech i p\u0159eprav\u011b zbo\u017e\u00ed v prav\u011bku. Ak\u010dn\u00ed nab\u00eddka pro tento den! P\u0159ineste z domova sv\u016fj vlastn\u00ed v\u00fdrobek s prav\u011bkou t\u00e9matikou (z pap\u00edru, d\u0159eva, hl\u00edny, textilu&#8230;.) a sm\u011b\u0148te ho za zbo\u017e\u00ed na na\u0161em prav\u011bk\u00e9m tr\u017ei\u0161ti. Plat\u00ed do vyprod\u00e1n\u00ed z\u00e1sob! Exkluzivn\u011b pro tento den nab\u00edz\u00edme mo\u017enost v\u00fdroby \u0161perku z m\u011bd\u011bn\u00e9ho dr\u00e1tku.\" \/>\n<meta property=\"og:url\" content=\"https:\/\/archeoparkvsestary.cz\/?p=1612\" \/>\n<meta property=\"og:site_name\" content=\"Archeopark prav\u011bku V\u0161estary\" \/>\n<meta property=\"article:publisher\" content=\"https:\/\/www.facebook.com\/archeoparkvsestary\/\" \/>\n<meta property=\"article:published_time\" content=\"2024-05-03T09:23:09+00:00\" \/>\n<meta property=\"article:modified_time\" content=\"2024-05-03T09:23:10+00:00\" \/>\n<meta property=\"og:image\" content=\"https:\/\/archeoparkvsestary.cz\/wp-content\/uploads\/2024\/05\/kveten-2024.jpg\" \/>\n\t<meta property=\"og:image:width\" content=\"1200\" \/>\n\t<meta property=\"og:image:height\" content=\"848\" \/>\n\t<meta property=\"og:image:type\" content=\"image\/jpeg\" \/>\n<meta name=\"author\" content=\"archeopark\" \/>\n<meta name=\"twitter:card\" content=\"summary_large_image\" \/>\n<meta name=\"twitter:label1\" content=\"Napsal(a)\" \/>\n\t<meta name=\"twitter:data1\" content=\"archeopark\" \/>\n\t<meta name=\"twitter:label2\" content=\"Odhadovan\u00e1 doba \u010dten\u00ed\" \/>\n\t<meta name=\"twitter:data2\" content=\"1 minuta\" \/>\n<script type=\"application\/ld+json\" class=\"yoast-schema-graph\">{\"@context\":\"https:\/\/schema.org\",\"@graph\":[{\"@type\":\"Article\",\"@id\":\"https:\/\/archeoparkvsestary.cz\/?p=1612#article\",\"isPartOf\":{\"@id\":\"https:\/\/archeoparkvsestary.cz\/?p=1612\"},\"author\":{\"name\":\"archeopark\",\"@id\":\"https:\/\/archeoparkvsestary.cz\/#\/schema\/person\/84625a8324d2811f0655bb544a0eb6bc\"},\"headline\":\"Akce pro d\u011bti &#8222;Sm\u011bna je \u017eivot&#8220;\",\"datePublished\":\"2024-05-03T09:23:09+00:00\",\"dateModified\":\"2024-05-03T09:23:10+00:00\",\"mainEntityOfPage\":{\"@id\":\"https:\/\/archeoparkvsestary.cz\/?p=1612\"},\"wordCount\":121,\"publisher\":{\"@id\":\"https:\/\/archeoparkvsestary.cz\/#organization\"},\"image\":{\"@id\":\"https:\/\/archeoparkvsestary.cz\/?p=1612#primaryimage\"},\"thumbnailUrl\":\"https:\/\/archeoparkvsestary.cz\/wp-content\/uploads\/2024\/05\/kveten-2024.jpg\",\"articleSection\":[\"Akce\"],\"inLanguage\":\"cs\"},{\"@type\":\"WebPage\",\"@id\":\"https:\/\/archeoparkvsestary.cz\/?p=1612\",\"url\":\"https:\/\/archeoparkvsestary.cz\/?p=1612\",\"name\":\"Akce pro d\u011bti \\\"Sm\u011bna je \u017eivot\\\" - Archeopark prav\u011bku V\u0161estary\",\"isPartOf\":{\"@id\":\"https:\/\/archeoparkvsestary.cz\/#website\"},\"primaryImageOfPage\":{\"@id\":\"https:\/\/archeoparkvsestary.cz\/?p=1612#primaryimage\"},\"image\":{\"@id\":\"https:\/\/archeoparkvsestary.cz\/?p=1612#primaryimage\"},\"thumbnailUrl\":\"https:\/\/archeoparkvsestary.cz\/wp-content\/uploads\/2024\/05\/kveten-2024.jpg\",\"datePublished\":\"2024-05-03T09:23:09+00:00\",\"dateModified\":\"2024-05-03T09:23:10+00:00\",\"breadcrumb\":{\"@id\":\"https:\/\/archeoparkvsestary.cz\/?p=1612#breadcrumb\"},\"inLanguage\":\"cs\",\"potentialAction\":[{\"@type\":\"ReadAction\",\"target\":[\"https:\/\/archeoparkvsestary.cz\/?p=1612\"]}]},{\"@type\":\"ImageObject\",\"inLanguage\":\"cs\",\"@id\":\"https:\/\/archeoparkvsestary.cz\/?p=1612#primaryimage\",\"url\":\"https:\/\/archeoparkvsestary.cz\/wp-content\/uploads\/2024\/05\/kveten-2024.jpg\",\"contentUrl\":\"https:\/\/archeoparkvsestary.cz\/wp-content\/uploads\/2024\/05\/kveten-2024.jpg\",\"width\":1200,\"height\":848},{\"@type\":\"BreadcrumbList\",\"@id\":\"https:\/\/archeoparkvsestary.cz\/?p=1612#breadcrumb\",\"itemListElement\":[{\"@type\":\"ListItem\",\"position\":1,\"name\":\"Home\",\"item\":\"https:\/\/archeoparkvsestary.cz\/\"},{\"@type\":\"ListItem\",\"position\":2,\"name\":\"Akce pro d\u011bti &#8222;Sm\u011bna je \u017eivot&#8220;\"}]},{\"@type\":\"WebSite\",\"@id\":\"https:\/\/archeoparkvsestary.cz\/#website\",\"url\":\"https:\/\/archeoparkvsestary.cz\/\",\"name\":\"Archeopark prav\u011bku V\u0161estary\",\"description\":\"Archeopark prav\u011bku V\u0161estary\",\"publisher\":{\"@id\":\"https:\/\/archeoparkvsestary.cz\/#organization\"},\"potentialAction\":[{\"@type\":\"SearchAction\",\"target\":{\"@type\":\"EntryPoint\",\"urlTemplate\":\"https:\/\/archeoparkvsestary.cz\/?s={search_term_string}\"},\"query-input\":{\"@type\":\"PropertyValueSpecification\",\"valueRequired\":true,\"valueName\":\"search_term_string\"}}],\"inLanguage\":\"cs\"},{\"@type\":\"Organization\",\"@id\":\"https:\/\/archeoparkvsestary.cz\/#organization\",\"name\":\"Archeopark prav\u011bku V\u0161estary\",\"url\":\"https:\/\/archeoparkvsestary.cz\/\",\"logo\":{\"@type\":\"ImageObject\",\"inLanguage\":\"cs\",\"@id\":\"https:\/\/archeoparkvsestary.cz\/#\/schema\/logo\/image\/\",\"url\":\"https:\/\/archeoparkvsestary.cz\/wp-content\/uploads\/2023\/03\/logo_archeopark_nadoba.jpg\",\"contentUrl\":\"https:\/\/archeoparkvsestary.cz\/wp-content\/uploads\/2023\/03\/logo_archeopark_nadoba.jpg\",\"width\":300,\"height\":279,\"caption\":\"Archeopark prav\u011bku V\u0161estary\"},\"image\":{\"@id\":\"https:\/\/archeoparkvsestary.cz\/#\/schema\/logo\/image\/\"},\"sameAs\":[\"https:\/\/www.facebook.com\/archeoparkvsestary\/\"]},{\"@type\":\"Person\",\"@id\":\"https:\/\/archeoparkvsestary.cz\/#\/schema\/person\/84625a8324d2811f0655bb544a0eb6bc\",\"name\":\"archeopark\",\"image\":{\"@type\":\"ImageObject\",\"inLanguage\":\"cs\",\"@id\":\"https:\/\/archeoparkvsestary.cz\/#\/schema\/person\/image\/\",\"url\":\"https:\/\/secure.gravatar.com\/avatar\/c483f3e8d2c1e5d98d1a724e231c36100ffb14f39a9a1761aca5432ad4e49879?s=96&d=mm&r=g\",\"contentUrl\":\"https:\/\/secure.gravatar.com\/avatar\/c483f3e8d2c1e5d98d1a724e231c36100ffb14f39a9a1761aca5432ad4e49879?s=96&d=mm&r=g\",\"caption\":\"archeopark\"},\"sameAs\":[\"http:\/\/archeoparkvsestary.cz\"],\"url\":\"https:\/\/archeoparkvsestary.cz\/?author=1\"}]}<\/script>\n<!-- \/ Yoast SEO plugin. -->","yoast_head_json":{"title":"Akce pro d\u011bti \"Sm\u011bna je \u017eivot\" - Archeopark prav\u011bku V\u0161estary","robots":{"index":"index","follow":"follow","max-snippet":"max-snippet:-1","max-image-preview":"max-image-preview:large","max-video-preview":"max-video-preview:-1"},"canonical":"https:\/\/archeoparkvsestary.cz\/?p=1612","og_locale":"cs_CZ","og_type":"article","og_title":"Akce pro d\u011bti \"Sm\u011bna je \u017eivot\" - Archeopark prav\u011bku V\u0161estary","og_description":"Nejlep\u0161\u00ed nab\u00eddka t\u00fddne! Va\u0161e prvn\u00ed volba! Ve st\u0159edu 8. 5. 2024 u n\u00e1s r\u00e1di p\u0159iv\u00edt\u00e1me mal\u00e9 obchodn\u00edky a obchodnice, aby se dozv\u011bd\u011bli v\u00edce o nakupov\u00e1n\u00ed, platidlech i p\u0159eprav\u011b zbo\u017e\u00ed v prav\u011bku. Ak\u010dn\u00ed nab\u00eddka pro tento den! P\u0159ineste z domova sv\u016fj vlastn\u00ed v\u00fdrobek s prav\u011bkou t\u00e9matikou (z pap\u00edru, d\u0159eva, hl\u00edny, textilu&#8230;.) a sm\u011b\u0148te ho za zbo\u017e\u00ed na na\u0161em prav\u011bk\u00e9m tr\u017ei\u0161ti. Plat\u00ed do vyprod\u00e1n\u00ed z\u00e1sob! Exkluzivn\u011b pro tento den nab\u00edz\u00edme mo\u017enost v\u00fdroby \u0161perku z m\u011bd\u011bn\u00e9ho dr\u00e1tku.","og_url":"https:\/\/archeoparkvsestary.cz\/?p=1612","og_site_name":"Archeopark prav\u011bku V\u0161estary","article_publisher":"https:\/\/www.facebook.com\/archeoparkvsestary\/","article_published_time":"2024-05-03T09:23:09+00:00","article_modified_time":"2024-05-03T09:23:10+00:00","og_image":[{"width":1200,"height":848,"url":"https:\/\/archeoparkvsestary.cz\/wp-content\/uploads\/2024\/05\/kveten-2024.jpg","type":"image\/jpeg"}],"author":"archeopark","twitter_card":"summary_large_image","twitter_misc":{"Napsal(a)":"archeopark","Odhadovan\u00e1 doba \u010dten\u00ed":"1 minuta"},"schema":{"@context":"https:\/\/schema.org","@graph":[{"@type":"Article","@id":"https:\/\/archeoparkvsestary.cz\/?p=1612#article","isPartOf":{"@id":"https:\/\/archeoparkvsestary.cz\/?p=1612"},"author":{"name":"archeopark","@id":"https:\/\/archeoparkvsestary.cz\/#\/schema\/person\/84625a8324d2811f0655bb544a0eb6bc"},"headline":"Akce pro d\u011bti &#8222;Sm\u011bna je \u017eivot&#8220;","datePublished":"2024-05-03T09:23:09+00:00","dateModified":"2024-05-03T09:23:10+00:00","mainEntityOfPage":{"@id":"https:\/\/archeoparkvsestary.cz\/?p=1612"},"wordCount":121,"publisher":{"@id":"https:\/\/archeoparkvsestary.cz\/#organization"},"image":{"@id":"https:\/\/archeoparkvsestary.cz\/?p=1612#primaryimage"},"thumbnailUrl":"https:\/\/archeoparkvsestary.cz\/wp-content\/uploads\/2024\/05\/kveten-2024.jpg","articleSection":["Akce"],"inLanguage":"cs"},{"@type":"WebPage","@id":"https:\/\/archeoparkvsestary.cz\/?p=1612","url":"https:\/\/archeoparkvsestary.cz\/?p=1612","name":"Akce pro d\u011bti \"Sm\u011bna je \u017eivot\" - Archeopark prav\u011bku V\u0161estary","isPartOf":{"@id":"https:\/\/archeoparkvsestary.cz\/#website"},"primaryImageOfPage":{"@id":"https:\/\/archeoparkvsestary.cz\/?p=1612#primaryimage"},"image":{"@id":"https:\/\/archeoparkvsestary.cz\/?p=1612#primaryimage"},"thumbnailUrl":"https:\/\/archeoparkvsestary.cz\/wp-content\/uploads\/2024\/05\/kveten-2024.jpg","datePublished":"2024-05-03T09:23:09+00:00","dateModified":"2024-05-03T09:23:10+00:00","breadcrumb":{"@id":"https:\/\/archeoparkvsestary.cz\/?p=1612#breadcrumb"},"inLanguage":"cs","potentialAction":[{"@type":"ReadAction","target":["https:\/\/archeoparkvsestary.cz\/?p=1612"]}]},{"@type":"ImageObject","inLanguage":"cs","@id":"https:\/\/archeoparkvsestary.cz\/?p=1612#primaryimage","url":"https:\/\/archeoparkvsestary.cz\/wp-content\/uploads\/2024\/05\/kveten-2024.jpg","contentUrl":"https:\/\/archeoparkvsestary.cz\/wp-content\/uploads\/2024\/05\/kveten-2024.jpg","width":1200,"height":848},{"@type":"BreadcrumbList","@id":"https:\/\/archeoparkvsestary.cz\/?p=1612#breadcrumb","itemListElement":[{"@type":"ListItem","position":1,"name":"Home","item":"https:\/\/archeoparkvsestary.cz\/"},{"@type":"ListItem","position":2,"name":"Akce pro d\u011bti &#8222;Sm\u011bna je \u017eivot&#8220;"}]},{"@type":"WebSite","@id":"https:\/\/archeoparkvsestary.cz\/#website","url":"https:\/\/archeoparkvsestary.cz\/","name":"Archeopark prav\u011bku V\u0161estary","description":"Archeopark prav\u011bku V\u0161estary","publisher":{"@id":"https:\/\/archeoparkvsestary.cz\/#organization"},"potentialAction":[{"@type":"SearchAction","target":{"@type":"EntryPoint","urlTemplate":"https:\/\/archeoparkvsestary.cz\/?s={search_term_string}"},"query-input":{"@type":"PropertyValueSpecification","valueRequired":true,"valueName":"search_term_string"}}],"inLanguage":"cs"},{"@type":"Organization","@id":"https:\/\/archeoparkvsestary.cz\/#organization","name":"Archeopark prav\u011bku V\u0161estary","url":"https:\/\/archeoparkvsestary.cz\/","logo":{"@type":"ImageObject","inLanguage":"cs","@id":"https:\/\/archeoparkvsestary.cz\/#\/schema\/logo\/image\/","url":"https:\/\/archeoparkvsestary.cz\/wp-content\/uploads\/2023\/03\/logo_archeopark_nadoba.jpg","contentUrl":"https:\/\/archeoparkvsestary.cz\/wp-content\/uploads\/2023\/03\/logo_archeopark_nadoba.jpg","width":300,"height":279,"caption":"Archeopark prav\u011bku V\u0161estary"},"image":{"@id":"https:\/\/archeoparkvsestary.cz\/#\/schema\/logo\/image\/"},"sameAs":["https:\/\/www.facebook.com\/archeoparkvsestary\/"]},{"@type":"Person","@id":"https:\/\/archeoparkvsestary.cz\/#\/schema\/person\/84625a8324d2811f0655bb544a0eb6bc","name":"archeopark","image":{"@type":"ImageObject","inLanguage":"cs","@id":"https:\/\/archeoparkvsestary.cz\/#\/schema\/person\/image\/","url":"https:\/\/secure.gravatar.com\/avatar\/c483f3e8d2c1e5d98d1a724e231c36100ffb14f39a9a1761aca5432ad4e49879?s=96&d=mm&r=g","contentUrl":"https:\/\/secure.gravatar.com\/avatar\/c483f3e8d2c1e5d98d1a724e231c36100ffb14f39a9a1761aca5432ad4e49879?s=96&d=mm&r=g","caption":"archeopark"},"sameAs":["http:\/\/archeoparkvsestary.cz"],"url":"https:\/\/archeoparkvsestary.cz\/?author=1"}]}},"_links":{"self":[{"href":"https:\/\/archeoparkvsestary.cz\/index.php?rest_route=\/wp\/v2\/posts\/1612","targetHints":{"allow":["GET"]}}],"collection":[{"href":"https:\/\/archeoparkvsestary.cz\/index.php?rest_route=\/wp\/v2\/posts"}],"about":[{"href":"https:\/\/archeoparkvsestary.cz\/index.php?rest_route=\/wp\/v2\/types\/post"}],"author":[{"embeddable":true,"href":"https:\/\/archeoparkvsestary.cz\/index.php?rest_route=\/wp\/v2\/users\/1"}],"replies":[{"embeddable":true,"href":"https:\/\/archeoparkvsestary.cz\/index.php?rest_route=%2Fwp%2Fv2%2Fcomments&post=1612"}],"version-history":[{"count":2,"href":"https:\/\/archeoparkvsestary.cz\/index.php?rest_route=\/wp\/v2\/posts\/1612\/revisions"}],"predecessor-version":[{"id":1614,"href":"https:\/\/archeoparkvsestary.cz\/index.php?rest_route=\/wp\/v2\/posts\/1612\/revisions\/1614"}],"wp:featuredmedia":[{"embeddable":true,"href":"https:\/\/archeoparkvsestary.cz\/index.php?rest_route=\/wp\/v2\/media\/1611"}],"wp:attachment":[{"href":"https:\/\/archeoparkvsestary.cz\/index.php?rest_route=%2Fwp%2Fv2%2Fmedia&parent=1612"}],"wp:term":[{"taxonomy":"category","embeddable":true,"href":"https:\/\/archeoparkvsestary.cz\/index.php?rest_route=%2Fwp%2Fv2%2Fcategories&post=1612"},{"taxonomy":"post_tag","embeddable":true,"href":"https:\/\/archeoparkvsestary.cz\/index.php?rest_route=%2Fwp%2Fv2%2Ftags&post=1612"}],"curies":[{"name":"wp","href":"https:\/\/api.w.org\/{rel}","templated":true}]}}