{"id":1685,"date":"2024-07-02T10:18:46","date_gmt":"2024-07-02T08:18:46","guid":{"rendered":"https:\/\/archeoparkvsestary.cz\/?p=1685"},"modified":"2024-07-02T11:44:11","modified_gmt":"2024-07-02T09:44:11","slug":"dny-zive-archeologie","status":"publish","type":"post","link":"https:\/\/archeoparkvsestary.cz\/?p=1685","title":{"rendered":"Dny \u017eiv\u00e9 archeologie"},"content":{"rendered":"\n<p>Na\u0161e nejv\u011bt\u0161\u00ed leto\u0161n\u00ed akce s bohat\u00fdm programem se uskute\u010dn\u00ed o v\u00edkendu 13. a 14. \u010dervence.<\/p>\n\n\n\n<p>V\u0161echny srde\u010dn\u011b zveme na cestu prav\u011bkem se zru\u010dn\u00fdmi \u0159emesln\u00edky, state\u010dn\u00fdmi v\u00e1le\u010dn\u00edky a lovci.<\/p>\n\n\n\n<p><strong>Upozor\u0148ujeme na zm\u011bnu parkov\u00e1n\u00ed!<\/strong>\u00a0Z d\u016fvodu stavebn\u00edch prac\u00ed nen\u00ed na\u0161e parkovi\u0161t\u011b k dispozici. Osobn\u00ed auta mohou vyu\u017e\u00edvat parkovi\u0161t\u011b u baz\u00e9nu.<\/p>\n","protected":false},"excerpt":{"rendered":"<p>Na\u0161e nejv\u011bt\u0161\u00ed leto\u0161n\u00ed akce s bohat\u00fdm programem se uskute\u010dn\u00ed o v\u00edkendu 13. a 14. \u010dervence. V\u0161echny srde\u010dn\u011b zveme na cestu prav\u011bkem se zru\u010dn\u00fdmi \u0159emesln\u00edky, state\u010dn\u00fdmi v\u00e1le\u010dn\u00edky a lovci. Upozor\u0148ujeme na zm\u011bnu parkov\u00e1n\u00ed!\u00a0Z d\u016fvodu stavebn\u00edch prac\u00ed nen\u00ed na\u0161e parkovi\u0161t\u011b k dispozici. Osobn\u00ed auta mohou vyu\u017e\u00edvat parkovi\u0161t\u011b u baz\u00e9nu.<\/p>\n","protected":false},"author":1,"featured_media":1680,"comment_status":"closed","ping_status":"open","sticky":false,"template":"","format":"standard","meta":{"_monsterinsights_skip_tracking":false,"_monsterinsights_sitenote_active":false,"_monsterinsights_sitenote_note":"","_monsterinsights_sitenote_category":0,"footnotes":""},"categories":[5],"tags":[],"class_list":["post-1685","post","type-post","status-publish","format-standard","has-post-thumbnail","hentry","category-akce"],"yoast_head":"<!-- This site is optimized with the Yoast SEO plugin v26.7 - https:\/\/yoast.com\/wordpress\/plugins\/seo\/ -->\n<title>Dny \u017eiv\u00e9 archeologie - Archeopark prav\u011bku V\u0161estary<\/title>\n<meta name=\"robots\" content=\"index, follow, max-snippet:-1, max-image-preview:large, max-video-preview:-1\" \/>\n<link rel=\"canonical\" href=\"https:\/\/archeoparkvsestary.cz\/?p=1685\" \/>\n<meta property=\"og:locale\" content=\"cs_CZ\" \/>\n<meta property=\"og:type\" content=\"article\" \/>\n<meta property=\"og:title\" content=\"Dny \u017eiv\u00e9 archeologie - Archeopark prav\u011bku V\u0161estary\" \/>\n<meta property=\"og:description\" content=\"Na\u0161e nejv\u011bt\u0161\u00ed leto\u0161n\u00ed akce s bohat\u00fdm programem se uskute\u010dn\u00ed o v\u00edkendu 13. a 14. \u010dervence. V\u0161echny srde\u010dn\u011b zveme na cestu prav\u011bkem se zru\u010dn\u00fdmi \u0159emesln\u00edky, state\u010dn\u00fdmi v\u00e1le\u010dn\u00edky a lovci. Upozor\u0148ujeme na zm\u011bnu parkov\u00e1n\u00ed!\u00a0Z d\u016fvodu stavebn\u00edch prac\u00ed nen\u00ed na\u0161e parkovi\u0161t\u011b k dispozici. Osobn\u00ed auta mohou vyu\u017e\u00edvat parkovi\u0161t\u011b u baz\u00e9nu.\" \/>\n<meta property=\"og:url\" content=\"https:\/\/archeoparkvsestary.cz\/?p=1685\" \/>\n<meta property=\"og:site_name\" content=\"Archeopark prav\u011bku V\u0161estary\" \/>\n<meta property=\"article:publisher\" content=\"https:\/\/www.facebook.com\/archeoparkvsestary\/\" \/>\n<meta property=\"article:published_time\" content=\"2024-07-02T08:18:46+00:00\" \/>\n<meta property=\"article:modified_time\" content=\"2024-07-02T09:44:11+00:00\" \/>\n<meta property=\"og:image\" content=\"https:\/\/archeoparkvsestary.cz\/wp-content\/uploads\/2024\/07\/cervenec-2024-.jpg\" \/>\n\t<meta property=\"og:image:width\" content=\"1200\" \/>\n\t<meta property=\"og:image:height\" content=\"848\" \/>\n\t<meta property=\"og:image:type\" content=\"image\/jpeg\" \/>\n<meta name=\"author\" content=\"archeopark\" \/>\n<meta name=\"twitter:card\" content=\"summary_large_image\" \/>\n<meta name=\"twitter:label1\" content=\"Napsal(a)\" \/>\n\t<meta name=\"twitter:data1\" content=\"archeopark\" \/>\n\t<meta name=\"twitter:label2\" content=\"Odhadovan\u00e1 doba \u010dten\u00ed\" \/>\n\t<meta name=\"twitter:data2\" content=\"1 minuta\" \/>\n<script type=\"application\/ld+json\" class=\"yoast-schema-graph\">{\"@context\":\"https:\/\/schema.org\",\"@graph\":[{\"@type\":\"Article\",\"@id\":\"https:\/\/archeoparkvsestary.cz\/?p=1685#article\",\"isPartOf\":{\"@id\":\"https:\/\/archeoparkvsestary.cz\/?p=1685\"},\"author\":{\"name\":\"archeopark\",\"@id\":\"https:\/\/archeoparkvsestary.cz\/#\/schema\/person\/84625a8324d2811f0655bb544a0eb6bc\"},\"headline\":\"Dny \u017eiv\u00e9 archeologie\",\"datePublished\":\"2024-07-02T08:18:46+00:00\",\"dateModified\":\"2024-07-02T09:44:11+00:00\",\"mainEntityOfPage\":{\"@id\":\"https:\/\/archeoparkvsestary.cz\/?p=1685\"},\"wordCount\":76,\"publisher\":{\"@id\":\"https:\/\/archeoparkvsestary.cz\/#organization\"},\"image\":{\"@id\":\"https:\/\/archeoparkvsestary.cz\/?p=1685#primaryimage\"},\"thumbnailUrl\":\"https:\/\/archeoparkvsestary.cz\/wp-content\/uploads\/2024\/07\/cervenec-2024-.jpg\",\"articleSection\":[\"Akce\"],\"inLanguage\":\"cs\"},{\"@type\":\"WebPage\",\"@id\":\"https:\/\/archeoparkvsestary.cz\/?p=1685\",\"url\":\"https:\/\/archeoparkvsestary.cz\/?p=1685\",\"name\":\"Dny \u017eiv\u00e9 archeologie - Archeopark prav\u011bku V\u0161estary\",\"isPartOf\":{\"@id\":\"https:\/\/archeoparkvsestary.cz\/#website\"},\"primaryImageOfPage\":{\"@id\":\"https:\/\/archeoparkvsestary.cz\/?p=1685#primaryimage\"},\"image\":{\"@id\":\"https:\/\/archeoparkvsestary.cz\/?p=1685#primaryimage\"},\"thumbnailUrl\":\"https:\/\/archeoparkvsestary.cz\/wp-content\/uploads\/2024\/07\/cervenec-2024-.jpg\",\"datePublished\":\"2024-07-02T08:18:46+00:00\",\"dateModified\":\"2024-07-02T09:44:11+00:00\",\"breadcrumb\":{\"@id\":\"https:\/\/archeoparkvsestary.cz\/?p=1685#breadcrumb\"},\"inLanguage\":\"cs\",\"potentialAction\":[{\"@type\":\"ReadAction\",\"target\":[\"https:\/\/archeoparkvsestary.cz\/?p=1685\"]}]},{\"@type\":\"ImageObject\",\"inLanguage\":\"cs\",\"@id\":\"https:\/\/archeoparkvsestary.cz\/?p=1685#primaryimage\",\"url\":\"https:\/\/archeoparkvsestary.cz\/wp-content\/uploads\/2024\/07\/cervenec-2024-.jpg\",\"contentUrl\":\"https:\/\/archeoparkvsestary.cz\/wp-content\/uploads\/2024\/07\/cervenec-2024-.jpg\",\"width\":1200,\"height\":848},{\"@type\":\"BreadcrumbList\",\"@id\":\"https:\/\/archeoparkvsestary.cz\/?p=1685#breadcrumb\",\"itemListElement\":[{\"@type\":\"ListItem\",\"position\":1,\"name\":\"Home\",\"item\":\"https:\/\/archeoparkvsestary.cz\/\"},{\"@type\":\"ListItem\",\"position\":2,\"name\":\"Dny \u017eiv\u00e9 archeologie\"}]},{\"@type\":\"WebSite\",\"@id\":\"https:\/\/archeoparkvsestary.cz\/#website\",\"url\":\"https:\/\/archeoparkvsestary.cz\/\",\"name\":\"Archeopark prav\u011bku V\u0161estary\",\"description\":\"Archeopark prav\u011bku V\u0161estary\",\"publisher\":{\"@id\":\"https:\/\/archeoparkvsestary.cz\/#organization\"},\"potentialAction\":[{\"@type\":\"SearchAction\",\"target\":{\"@type\":\"EntryPoint\",\"urlTemplate\":\"https:\/\/archeoparkvsestary.cz\/?s={search_term_string}\"},\"query-input\":{\"@type\":\"PropertyValueSpecification\",\"valueRequired\":true,\"valueName\":\"search_term_string\"}}],\"inLanguage\":\"cs\"},{\"@type\":\"Organization\",\"@id\":\"https:\/\/archeoparkvsestary.cz\/#organization\",\"name\":\"Archeopark prav\u011bku V\u0161estary\",\"url\":\"https:\/\/archeoparkvsestary.cz\/\",\"logo\":{\"@type\":\"ImageObject\",\"inLanguage\":\"cs\",\"@id\":\"https:\/\/archeoparkvsestary.cz\/#\/schema\/logo\/image\/\",\"url\":\"https:\/\/archeoparkvsestary.cz\/wp-content\/uploads\/2023\/03\/logo_archeopark_nadoba.jpg\",\"contentUrl\":\"https:\/\/archeoparkvsestary.cz\/wp-content\/uploads\/2023\/03\/logo_archeopark_nadoba.jpg\",\"width\":300,\"height\":279,\"caption\":\"Archeopark prav\u011bku V\u0161estary\"},\"image\":{\"@id\":\"https:\/\/archeoparkvsestary.cz\/#\/schema\/logo\/image\/\"},\"sameAs\":[\"https:\/\/www.facebook.com\/archeoparkvsestary\/\"]},{\"@type\":\"Person\",\"@id\":\"https:\/\/archeoparkvsestary.cz\/#\/schema\/person\/84625a8324d2811f0655bb544a0eb6bc\",\"name\":\"archeopark\",\"image\":{\"@type\":\"ImageObject\",\"inLanguage\":\"cs\",\"@id\":\"https:\/\/archeoparkvsestary.cz\/#\/schema\/person\/image\/\",\"url\":\"https:\/\/secure.gravatar.com\/avatar\/c483f3e8d2c1e5d98d1a724e231c36100ffb14f39a9a1761aca5432ad4e49879?s=96&d=mm&r=g\",\"contentUrl\":\"https:\/\/secure.gravatar.com\/avatar\/c483f3e8d2c1e5d98d1a724e231c36100ffb14f39a9a1761aca5432ad4e49879?s=96&d=mm&r=g\",\"caption\":\"archeopark\"},\"sameAs\":[\"http:\/\/archeoparkvsestary.cz\"],\"url\":\"https:\/\/archeoparkvsestary.cz\/?author=1\"}]}<\/script>\n<!-- \/ Yoast SEO plugin. -->","yoast_head_json":{"title":"Dny \u017eiv\u00e9 archeologie - Archeopark prav\u011bku V\u0161estary","robots":{"index":"index","follow":"follow","max-snippet":"max-snippet:-1","max-image-preview":"max-image-preview:large","max-video-preview":"max-video-preview:-1"},"canonical":"https:\/\/archeoparkvsestary.cz\/?p=1685","og_locale":"cs_CZ","og_type":"article","og_title":"Dny \u017eiv\u00e9 archeologie - Archeopark prav\u011bku V\u0161estary","og_description":"Na\u0161e nejv\u011bt\u0161\u00ed leto\u0161n\u00ed akce s bohat\u00fdm programem se uskute\u010dn\u00ed o v\u00edkendu 13. a 14. \u010dervence. V\u0161echny srde\u010dn\u011b zveme na cestu prav\u011bkem se zru\u010dn\u00fdmi \u0159emesln\u00edky, state\u010dn\u00fdmi v\u00e1le\u010dn\u00edky a lovci. Upozor\u0148ujeme na zm\u011bnu parkov\u00e1n\u00ed!\u00a0Z d\u016fvodu stavebn\u00edch prac\u00ed nen\u00ed na\u0161e parkovi\u0161t\u011b k dispozici. Osobn\u00ed auta mohou vyu\u017e\u00edvat parkovi\u0161t\u011b u baz\u00e9nu.","og_url":"https:\/\/archeoparkvsestary.cz\/?p=1685","og_site_name":"Archeopark prav\u011bku V\u0161estary","article_publisher":"https:\/\/www.facebook.com\/archeoparkvsestary\/","article_published_time":"2024-07-02T08:18:46+00:00","article_modified_time":"2024-07-02T09:44:11+00:00","og_image":[{"width":1200,"height":848,"url":"https:\/\/archeoparkvsestary.cz\/wp-content\/uploads\/2024\/07\/cervenec-2024-.jpg","type":"image\/jpeg"}],"author":"archeopark","twitter_card":"summary_large_image","twitter_misc":{"Napsal(a)":"archeopark","Odhadovan\u00e1 doba \u010dten\u00ed":"1 minuta"},"schema":{"@context":"https:\/\/schema.org","@graph":[{"@type":"Article","@id":"https:\/\/archeoparkvsestary.cz\/?p=1685#article","isPartOf":{"@id":"https:\/\/archeoparkvsestary.cz\/?p=1685"},"author":{"name":"archeopark","@id":"https:\/\/archeoparkvsestary.cz\/#\/schema\/person\/84625a8324d2811f0655bb544a0eb6bc"},"headline":"Dny \u017eiv\u00e9 archeologie","datePublished":"2024-07-02T08:18:46+00:00","dateModified":"2024-07-02T09:44:11+00:00","mainEntityOfPage":{"@id":"https:\/\/archeoparkvsestary.cz\/?p=1685"},"wordCount":76,"publisher":{"@id":"https:\/\/archeoparkvsestary.cz\/#organization"},"image":{"@id":"https:\/\/archeoparkvsestary.cz\/?p=1685#primaryimage"},"thumbnailUrl":"https:\/\/archeoparkvsestary.cz\/wp-content\/uploads\/2024\/07\/cervenec-2024-.jpg","articleSection":["Akce"],"inLanguage":"cs"},{"@type":"WebPage","@id":"https:\/\/archeoparkvsestary.cz\/?p=1685","url":"https:\/\/archeoparkvsestary.cz\/?p=1685","name":"Dny \u017eiv\u00e9 archeologie - Archeopark prav\u011bku V\u0161estary","isPartOf":{"@id":"https:\/\/archeoparkvsestary.cz\/#website"},"primaryImageOfPage":{"@id":"https:\/\/archeoparkvsestary.cz\/?p=1685#primaryimage"},"image":{"@id":"https:\/\/archeoparkvsestary.cz\/?p=1685#primaryimage"},"thumbnailUrl":"https:\/\/archeoparkvsestary.cz\/wp-content\/uploads\/2024\/07\/cervenec-2024-.jpg","datePublished":"2024-07-02T08:18:46+00:00","dateModified":"2024-07-02T09:44:11+00:00","breadcrumb":{"@id":"https:\/\/archeoparkvsestary.cz\/?p=1685#breadcrumb"},"inLanguage":"cs","potentialAction":[{"@type":"ReadAction","target":["https:\/\/archeoparkvsestary.cz\/?p=1685"]}]},{"@type":"ImageObject","inLanguage":"cs","@id":"https:\/\/archeoparkvsestary.cz\/?p=1685#primaryimage","url":"https:\/\/archeoparkvsestary.cz\/wp-content\/uploads\/2024\/07\/cervenec-2024-.jpg","contentUrl":"https:\/\/archeoparkvsestary.cz\/wp-content\/uploads\/2024\/07\/cervenec-2024-.jpg","width":1200,"height":848},{"@type":"BreadcrumbList","@id":"https:\/\/archeoparkvsestary.cz\/?p=1685#breadcrumb","itemListElement":[{"@type":"ListItem","position":1,"name":"Home","item":"https:\/\/archeoparkvsestary.cz\/"},{"@type":"ListItem","position":2,"name":"Dny \u017eiv\u00e9 archeologie"}]},{"@type":"WebSite","@id":"https:\/\/archeoparkvsestary.cz\/#website","url":"https:\/\/archeoparkvsestary.cz\/","name":"Archeopark prav\u011bku V\u0161estary","description":"Archeopark prav\u011bku V\u0161estary","publisher":{"@id":"https:\/\/archeoparkvsestary.cz\/#organization"},"potentialAction":[{"@type":"SearchAction","target":{"@type":"EntryPoint","urlTemplate":"https:\/\/archeoparkvsestary.cz\/?s={search_term_string}"},"query-input":{"@type":"PropertyValueSpecification","valueRequired":true,"valueName":"search_term_string"}}],"inLanguage":"cs"},{"@type":"Organization","@id":"https:\/\/archeoparkvsestary.cz\/#organization","name":"Archeopark prav\u011bku V\u0161estary","url":"https:\/\/archeoparkvsestary.cz\/","logo":{"@type":"ImageObject","inLanguage":"cs","@id":"https:\/\/archeoparkvsestary.cz\/#\/schema\/logo\/image\/","url":"https:\/\/archeoparkvsestary.cz\/wp-content\/uploads\/2023\/03\/logo_archeopark_nadoba.jpg","contentUrl":"https:\/\/archeoparkvsestary.cz\/wp-content\/uploads\/2023\/03\/logo_archeopark_nadoba.jpg","width":300,"height":279,"caption":"Archeopark prav\u011bku V\u0161estary"},"image":{"@id":"https:\/\/archeoparkvsestary.cz\/#\/schema\/logo\/image\/"},"sameAs":["https:\/\/www.facebook.com\/archeoparkvsestary\/"]},{"@type":"Person","@id":"https:\/\/archeoparkvsestary.cz\/#\/schema\/person\/84625a8324d2811f0655bb544a0eb6bc","name":"archeopark","image":{"@type":"ImageObject","inLanguage":"cs","@id":"https:\/\/archeoparkvsestary.cz\/#\/schema\/person\/image\/","url":"https:\/\/secure.gravatar.com\/avatar\/c483f3e8d2c1e5d98d1a724e231c36100ffb14f39a9a1761aca5432ad4e49879?s=96&d=mm&r=g","contentUrl":"https:\/\/secure.gravatar.com\/avatar\/c483f3e8d2c1e5d98d1a724e231c36100ffb14f39a9a1761aca5432ad4e49879?s=96&d=mm&r=g","caption":"archeopark"},"sameAs":["http:\/\/archeoparkvsestary.cz"],"url":"https:\/\/archeoparkvsestary.cz\/?author=1"}]}},"_links":{"self":[{"href":"https:\/\/archeoparkvsestary.cz\/index.php?rest_route=\/wp\/v2\/posts\/1685","targetHints":{"allow":["GET"]}}],"collection":[{"href":"https:\/\/archeoparkvsestary.cz\/index.php?rest_route=\/wp\/v2\/posts"}],"about":[{"href":"https:\/\/archeoparkvsestary.cz\/index.php?rest_route=\/wp\/v2\/types\/post"}],"author":[{"embeddable":true,"href":"https:\/\/archeoparkvsestary.cz\/index.php?rest_route=\/wp\/v2\/users\/1"}],"replies":[{"embeddable":true,"href":"https:\/\/archeoparkvsestary.cz\/index.php?rest_route=%2Fwp%2Fv2%2Fcomments&post=1685"}],"version-history":[{"count":2,"href":"https:\/\/archeoparkvsestary.cz\/index.php?rest_route=\/wp\/v2\/posts\/1685\/revisions"}],"predecessor-version":[{"id":1688,"href":"https:\/\/archeoparkvsestary.cz\/index.php?rest_route=\/wp\/v2\/posts\/1685\/revisions\/1688"}],"wp:featuredmedia":[{"embeddable":true,"href":"https:\/\/archeoparkvsestary.cz\/index.php?rest_route=\/wp\/v2\/media\/1680"}],"wp:attachment":[{"href":"https:\/\/archeoparkvsestary.cz\/index.php?rest_route=%2Fwp%2Fv2%2Fmedia&parent=1685"}],"wp:term":[{"taxonomy":"category","embeddable":true,"href":"https:\/\/archeoparkvsestary.cz\/index.php?rest_route=%2Fwp%2Fv2%2Fcategories&post=1685"},{"taxonomy":"post_tag","embeddable":true,"href":"https:\/\/archeoparkvsestary.cz\/index.php?rest_route=%2Fwp%2Fv2%2Ftags&post=1685"}],"curies":[{"name":"wp","href":"https:\/\/api.w.org\/{rel}","templated":true}]}}