{"id":1695,"date":"2024-07-09T20:36:34","date_gmt":"2024-07-09T18:36:34","guid":{"rendered":"https:\/\/archeoparkvsestary.cz\/?p=1695"},"modified":"2024-07-09T20:58:05","modified_gmt":"2024-07-09T18:58:05","slug":"program-dnu-zive-archeologie","status":"publish","type":"post","link":"https:\/\/archeoparkvsestary.cz\/?p=1695","title":{"rendered":"Program Dn\u016f \u017eiv\u00e9 archeologie"},"content":{"rendered":"\n<p><strong>DNY \u017dIV\u00c9 ARCHEOLOGIE \u2013 PROGRAM<\/strong><\/p>\n\n\n\n<p><strong>Po cel\u00fd v\u00edkend:<\/strong><\/p>\n\n\n\n<ul class=\"wp-block-list\">\n<li>keltsk\u00fd bojovn\u00edk a jeho v\u00fdbava<\/li>\n\n\n\n<li>lovec\u00a0doby kamenn\u00e9<\/li>\n\n\n\n<li>kov\u00e1\u0159 doby \u0159\u00edmsk\u00e9<\/li>\n\n\n\n<li>zpracov\u00e1n\u00ed d\u0159eva kamenn\u00fdmi sekerami<\/li>\n\n\n\n<li>pleten\u00ed z\u00a0p\u0159\u00edrodn\u00edch materi\u00e1l\u016f<\/li>\n\n\n\n<li>v\u00fdroba prav\u011bk\u00e9 keramiky<\/li>\n\n\n\n<li>v\u00fdroba brou\u0161en\u00fdch kamenn\u00fdch n\u00e1stroj\u016f<\/li>\n\n\n\n<li>v\u00fdroba sklen\u011bn\u00fdch kor\u00e1lk\u016f<\/li>\n\n\n\n<li>ra\u017eba minc\u00ed<\/li>\n\n\n\n<li>d\u011btsk\u00e1 d\u00edlni\u010dka<\/li>\n<\/ul>\n\n\n\n<p><strong>SOBOTA 13. 7. 2024<\/strong><\/p>\n\n\n\n<ul class=\"wp-block-list\">\n<li>zah\u00e1jen\u00ed prodeje komiksu Monoxylon IV P\u0159\u00edb\u011bh \u010dlunu jm\u00e9nem Kr\u00e1l<\/li>\n\n\n\n<li>ochutn\u00e1vka piva Slune\u010dn\u00ed b\u00e1rka<\/li>\n\n\n\n<li>redukce \u017eelezn\u00e9 rudy<\/li>\n\n\n\n<li>p\u0159edn\u00e1\u0161ka Kr\u00e1ska z\u00a0Kladiny &#8211; <strong>10:30 <\/strong>a<strong> 14:00h <\/strong>(PhDr. Jan J\u00edlek, Ph.D. a Mgr. Krist\u00fdna Bulvov\u00e1)<\/li>\n\n\n\n<li>p\u0159edn\u00e1\u0161ka Mamut ze Svobodn\u00fdch Dvor\u016f &#8211; <strong>13:00h <\/strong>(Mgr. Petr \u010cech\u00e1k, Ph.D.)<\/li>\n\n\n\n<li>p\u0159edstaven\u00ed \u017divot v\u00a0t\u00e1bo\u0159e \u0159\u00edmsk\u00fdch legion\u00e1\u0159\u016f \u2013 <strong>11:30<\/strong> a <strong>15:00h<\/strong><\/li>\n<\/ul>\n\n\n\n<p><strong>NED\u011aLE 14. 7. 2024<\/strong><\/p>\n\n\n\n<ul class=\"wp-block-list\">\n<li>zpracov\u00e1n\u00ed \u017eelezn\u00e9 houby kov\u00e1n\u00edm<\/li>\n\n\n\n<li>p\u0159edstaven\u00ed a k\u0159est komiksu Monoxylon IV P\u0159\u00edb\u011bh \u010dlunu jm\u00e9nem Kr\u00e1l &#8211; <strong>11:00h<\/strong><\/li>\n\n\n\n<li>p\u0159edn\u00e1\u0161ka V\u00fdpal keramiky v j\u00e1m\u011b &#8211; <strong>13:00 a 15:00h<\/strong> (Mgr. Richard Th\u00e9r, Ph.D.)<\/li>\n\n\n\n<li>p\u0159edstaven\u00ed komiksu Monoxylon IV P\u0159\u00edb\u011bh \u010dlunu jm\u00e9nem Kr\u00e1l \u2013 <strong>14:00h<\/strong><\/li>\n<\/ul>\n","protected":false},"excerpt":{"rendered":"<p>DNY \u017dIV\u00c9 ARCHEOLOGIE \u2013 PROGRAM Po cel\u00fd v\u00edkend: SOBOTA 13. 7. 2024 NED\u011aLE 14. 7. 2024<\/p>\n","protected":false},"author":1,"featured_media":1423,"comment_status":"closed","ping_status":"open","sticky":false,"template":"","format":"standard","meta":{"_monsterinsights_skip_tracking":false,"_monsterinsights_sitenote_active":false,"_monsterinsights_sitenote_note":"","_monsterinsights_sitenote_category":0,"footnotes":""},"categories":[5],"tags":[],"class_list":["post-1695","post","type-post","status-publish","format-standard","has-post-thumbnail","hentry","category-akce"],"yoast_head":"<!-- This site is optimized with the Yoast SEO plugin v26.7 - https:\/\/yoast.com\/wordpress\/plugins\/seo\/ -->\n<title>Program Dn\u016f \u017eiv\u00e9 archeologie - Archeopark prav\u011bku V\u0161estary<\/title>\n<meta name=\"robots\" content=\"index, follow, max-snippet:-1, max-image-preview:large, max-video-preview:-1\" \/>\n<link rel=\"canonical\" href=\"http:\/\/archeoparkvsestary.cz\/?p=1695\" \/>\n<meta property=\"og:locale\" content=\"cs_CZ\" \/>\n<meta property=\"og:type\" content=\"article\" \/>\n<meta property=\"og:title\" content=\"Program Dn\u016f \u017eiv\u00e9 archeologie - Archeopark prav\u011bku V\u0161estary\" \/>\n<meta property=\"og:description\" content=\"DNY \u017dIV\u00c9 ARCHEOLOGIE \u2013 PROGRAM Po cel\u00fd v\u00edkend: SOBOTA 13. 7. 2024 NED\u011aLE 14. 7. 2024\" \/>\n<meta property=\"og:url\" content=\"http:\/\/archeoparkvsestary.cz\/?p=1695\" \/>\n<meta property=\"og:site_name\" content=\"Archeopark prav\u011bku V\u0161estary\" \/>\n<meta property=\"article:publisher\" content=\"https:\/\/www.facebook.com\/archeoparkvsestary\/\" \/>\n<meta property=\"article:published_time\" content=\"2024-07-09T18:36:34+00:00\" \/>\n<meta property=\"article:modified_time\" content=\"2024-07-09T18:58:05+00:00\" \/>\n<meta property=\"og:image\" content=\"http:\/\/archeoparkvsestary.cz\/wp-content\/uploads\/2024\/01\/DZA_2023_cervenec10-e1720551467693.jpg\" \/>\n\t<meta property=\"og:image:width\" content=\"450\" \/>\n\t<meta property=\"og:image:height\" content=\"600\" \/>\n\t<meta property=\"og:image:type\" content=\"image\/jpeg\" \/>\n<meta name=\"author\" content=\"archeopark\" \/>\n<meta name=\"twitter:card\" content=\"summary_large_image\" \/>\n<meta name=\"twitter:label1\" content=\"Napsal(a)\" \/>\n\t<meta name=\"twitter:data1\" content=\"archeopark\" \/>\n\t<meta name=\"twitter:label2\" content=\"Odhadovan\u00e1 doba \u010dten\u00ed\" \/>\n\t<meta name=\"twitter:data2\" content=\"1 minuta\" \/>\n<script type=\"application\/ld+json\" class=\"yoast-schema-graph\">{\"@context\":\"https:\/\/schema.org\",\"@graph\":[{\"@type\":\"Article\",\"@id\":\"http:\/\/archeoparkvsestary.cz\/?p=1695#article\",\"isPartOf\":{\"@id\":\"http:\/\/archeoparkvsestary.cz\/?p=1695\"},\"author\":{\"name\":\"archeopark\",\"@id\":\"https:\/\/archeoparkvsestary.cz\/#\/schema\/person\/84625a8324d2811f0655bb544a0eb6bc\"},\"headline\":\"Program Dn\u016f \u017eiv\u00e9 archeologie\",\"datePublished\":\"2024-07-09T18:36:34+00:00\",\"dateModified\":\"2024-07-09T18:58:05+00:00\",\"mainEntityOfPage\":{\"@id\":\"http:\/\/archeoparkvsestary.cz\/?p=1695\"},\"wordCount\":201,\"publisher\":{\"@id\":\"https:\/\/archeoparkvsestary.cz\/#organization\"},\"image\":{\"@id\":\"http:\/\/archeoparkvsestary.cz\/?p=1695#primaryimage\"},\"thumbnailUrl\":\"https:\/\/archeoparkvsestary.cz\/wp-content\/uploads\/2024\/01\/DZA_2023_cervenec10-e1720551467693.jpg\",\"articleSection\":[\"Akce\"],\"inLanguage\":\"cs\"},{\"@type\":\"WebPage\",\"@id\":\"http:\/\/archeoparkvsestary.cz\/?p=1695\",\"url\":\"http:\/\/archeoparkvsestary.cz\/?p=1695\",\"name\":\"Program Dn\u016f \u017eiv\u00e9 archeologie - Archeopark prav\u011bku V\u0161estary\",\"isPartOf\":{\"@id\":\"https:\/\/archeoparkvsestary.cz\/#website\"},\"primaryImageOfPage\":{\"@id\":\"http:\/\/archeoparkvsestary.cz\/?p=1695#primaryimage\"},\"image\":{\"@id\":\"http:\/\/archeoparkvsestary.cz\/?p=1695#primaryimage\"},\"thumbnailUrl\":\"https:\/\/archeoparkvsestary.cz\/wp-content\/uploads\/2024\/01\/DZA_2023_cervenec10-e1720551467693.jpg\",\"datePublished\":\"2024-07-09T18:36:34+00:00\",\"dateModified\":\"2024-07-09T18:58:05+00:00\",\"breadcrumb\":{\"@id\":\"http:\/\/archeoparkvsestary.cz\/?p=1695#breadcrumb\"},\"inLanguage\":\"cs\",\"potentialAction\":[{\"@type\":\"ReadAction\",\"target\":[\"http:\/\/archeoparkvsestary.cz\/?p=1695\"]}]},{\"@type\":\"ImageObject\",\"inLanguage\":\"cs\",\"@id\":\"http:\/\/archeoparkvsestary.cz\/?p=1695#primaryimage\",\"url\":\"https:\/\/archeoparkvsestary.cz\/wp-content\/uploads\/2024\/01\/DZA_2023_cervenec10-e1720551467693.jpg\",\"contentUrl\":\"https:\/\/archeoparkvsestary.cz\/wp-content\/uploads\/2024\/01\/DZA_2023_cervenec10-e1720551467693.jpg\",\"width\":450,\"height\":600},{\"@type\":\"BreadcrumbList\",\"@id\":\"http:\/\/archeoparkvsestary.cz\/?p=1695#breadcrumb\",\"itemListElement\":[{\"@type\":\"ListItem\",\"position\":1,\"name\":\"Home\",\"item\":\"https:\/\/archeoparkvsestary.cz\/\"},{\"@type\":\"ListItem\",\"position\":2,\"name\":\"Program Dn\u016f \u017eiv\u00e9 archeologie\"}]},{\"@type\":\"WebSite\",\"@id\":\"https:\/\/archeoparkvsestary.cz\/#website\",\"url\":\"https:\/\/archeoparkvsestary.cz\/\",\"name\":\"Archeopark prav\u011bku V\u0161estary\",\"description\":\"Archeopark prav\u011bku V\u0161estary\",\"publisher\":{\"@id\":\"https:\/\/archeoparkvsestary.cz\/#organization\"},\"potentialAction\":[{\"@type\":\"SearchAction\",\"target\":{\"@type\":\"EntryPoint\",\"urlTemplate\":\"https:\/\/archeoparkvsestary.cz\/?s={search_term_string}\"},\"query-input\":{\"@type\":\"PropertyValueSpecification\",\"valueRequired\":true,\"valueName\":\"search_term_string\"}}],\"inLanguage\":\"cs\"},{\"@type\":\"Organization\",\"@id\":\"https:\/\/archeoparkvsestary.cz\/#organization\",\"name\":\"Archeopark prav\u011bku V\u0161estary\",\"url\":\"https:\/\/archeoparkvsestary.cz\/\",\"logo\":{\"@type\":\"ImageObject\",\"inLanguage\":\"cs\",\"@id\":\"https:\/\/archeoparkvsestary.cz\/#\/schema\/logo\/image\/\",\"url\":\"https:\/\/archeoparkvsestary.cz\/wp-content\/uploads\/2023\/03\/logo_archeopark_nadoba.jpg\",\"contentUrl\":\"https:\/\/archeoparkvsestary.cz\/wp-content\/uploads\/2023\/03\/logo_archeopark_nadoba.jpg\",\"width\":300,\"height\":279,\"caption\":\"Archeopark prav\u011bku V\u0161estary\"},\"image\":{\"@id\":\"https:\/\/archeoparkvsestary.cz\/#\/schema\/logo\/image\/\"},\"sameAs\":[\"https:\/\/www.facebook.com\/archeoparkvsestary\/\"]},{\"@type\":\"Person\",\"@id\":\"https:\/\/archeoparkvsestary.cz\/#\/schema\/person\/84625a8324d2811f0655bb544a0eb6bc\",\"name\":\"archeopark\",\"image\":{\"@type\":\"ImageObject\",\"inLanguage\":\"cs\",\"@id\":\"https:\/\/archeoparkvsestary.cz\/#\/schema\/person\/image\/\",\"url\":\"https:\/\/secure.gravatar.com\/avatar\/c483f3e8d2c1e5d98d1a724e231c36100ffb14f39a9a1761aca5432ad4e49879?s=96&d=mm&r=g\",\"contentUrl\":\"https:\/\/secure.gravatar.com\/avatar\/c483f3e8d2c1e5d98d1a724e231c36100ffb14f39a9a1761aca5432ad4e49879?s=96&d=mm&r=g\",\"caption\":\"archeopark\"},\"sameAs\":[\"http:\/\/archeoparkvsestary.cz\"],\"url\":\"https:\/\/archeoparkvsestary.cz\/?author=1\"}]}<\/script>\n<!-- \/ Yoast SEO plugin. -->","yoast_head_json":{"title":"Program Dn\u016f \u017eiv\u00e9 archeologie - Archeopark prav\u011bku V\u0161estary","robots":{"index":"index","follow":"follow","max-snippet":"max-snippet:-1","max-image-preview":"max-image-preview:large","max-video-preview":"max-video-preview:-1"},"canonical":"http:\/\/archeoparkvsestary.cz\/?p=1695","og_locale":"cs_CZ","og_type":"article","og_title":"Program Dn\u016f \u017eiv\u00e9 archeologie - Archeopark prav\u011bku V\u0161estary","og_description":"DNY \u017dIV\u00c9 ARCHEOLOGIE \u2013 PROGRAM Po cel\u00fd v\u00edkend: SOBOTA 13. 7. 2024 NED\u011aLE 14. 7. 2024","og_url":"http:\/\/archeoparkvsestary.cz\/?p=1695","og_site_name":"Archeopark prav\u011bku V\u0161estary","article_publisher":"https:\/\/www.facebook.com\/archeoparkvsestary\/","article_published_time":"2024-07-09T18:36:34+00:00","article_modified_time":"2024-07-09T18:58:05+00:00","og_image":[{"width":450,"height":600,"url":"http:\/\/archeoparkvsestary.cz\/wp-content\/uploads\/2024\/01\/DZA_2023_cervenec10-e1720551467693.jpg","type":"image\/jpeg"}],"author":"archeopark","twitter_card":"summary_large_image","twitter_misc":{"Napsal(a)":"archeopark","Odhadovan\u00e1 doba \u010dten\u00ed":"1 minuta"},"schema":{"@context":"https:\/\/schema.org","@graph":[{"@type":"Article","@id":"http:\/\/archeoparkvsestary.cz\/?p=1695#article","isPartOf":{"@id":"http:\/\/archeoparkvsestary.cz\/?p=1695"},"author":{"name":"archeopark","@id":"https:\/\/archeoparkvsestary.cz\/#\/schema\/person\/84625a8324d2811f0655bb544a0eb6bc"},"headline":"Program Dn\u016f \u017eiv\u00e9 archeologie","datePublished":"2024-07-09T18:36:34+00:00","dateModified":"2024-07-09T18:58:05+00:00","mainEntityOfPage":{"@id":"http:\/\/archeoparkvsestary.cz\/?p=1695"},"wordCount":201,"publisher":{"@id":"https:\/\/archeoparkvsestary.cz\/#organization"},"image":{"@id":"http:\/\/archeoparkvsestary.cz\/?p=1695#primaryimage"},"thumbnailUrl":"https:\/\/archeoparkvsestary.cz\/wp-content\/uploads\/2024\/01\/DZA_2023_cervenec10-e1720551467693.jpg","articleSection":["Akce"],"inLanguage":"cs"},{"@type":"WebPage","@id":"http:\/\/archeoparkvsestary.cz\/?p=1695","url":"http:\/\/archeoparkvsestary.cz\/?p=1695","name":"Program Dn\u016f \u017eiv\u00e9 archeologie - Archeopark prav\u011bku V\u0161estary","isPartOf":{"@id":"https:\/\/archeoparkvsestary.cz\/#website"},"primaryImageOfPage":{"@id":"http:\/\/archeoparkvsestary.cz\/?p=1695#primaryimage"},"image":{"@id":"http:\/\/archeoparkvsestary.cz\/?p=1695#primaryimage"},"thumbnailUrl":"https:\/\/archeoparkvsestary.cz\/wp-content\/uploads\/2024\/01\/DZA_2023_cervenec10-e1720551467693.jpg","datePublished":"2024-07-09T18:36:34+00:00","dateModified":"2024-07-09T18:58:05+00:00","breadcrumb":{"@id":"http:\/\/archeoparkvsestary.cz\/?p=1695#breadcrumb"},"inLanguage":"cs","potentialAction":[{"@type":"ReadAction","target":["http:\/\/archeoparkvsestary.cz\/?p=1695"]}]},{"@type":"ImageObject","inLanguage":"cs","@id":"http:\/\/archeoparkvsestary.cz\/?p=1695#primaryimage","url":"https:\/\/archeoparkvsestary.cz\/wp-content\/uploads\/2024\/01\/DZA_2023_cervenec10-e1720551467693.jpg","contentUrl":"https:\/\/archeoparkvsestary.cz\/wp-content\/uploads\/2024\/01\/DZA_2023_cervenec10-e1720551467693.jpg","width":450,"height":600},{"@type":"BreadcrumbList","@id":"http:\/\/archeoparkvsestary.cz\/?p=1695#breadcrumb","itemListElement":[{"@type":"ListItem","position":1,"name":"Home","item":"https:\/\/archeoparkvsestary.cz\/"},{"@type":"ListItem","position":2,"name":"Program Dn\u016f \u017eiv\u00e9 archeologie"}]},{"@type":"WebSite","@id":"https:\/\/archeoparkvsestary.cz\/#website","url":"https:\/\/archeoparkvsestary.cz\/","name":"Archeopark prav\u011bku V\u0161estary","description":"Archeopark prav\u011bku V\u0161estary","publisher":{"@id":"https:\/\/archeoparkvsestary.cz\/#organization"},"potentialAction":[{"@type":"SearchAction","target":{"@type":"EntryPoint","urlTemplate":"https:\/\/archeoparkvsestary.cz\/?s={search_term_string}"},"query-input":{"@type":"PropertyValueSpecification","valueRequired":true,"valueName":"search_term_string"}}],"inLanguage":"cs"},{"@type":"Organization","@id":"https:\/\/archeoparkvsestary.cz\/#organization","name":"Archeopark prav\u011bku V\u0161estary","url":"https:\/\/archeoparkvsestary.cz\/","logo":{"@type":"ImageObject","inLanguage":"cs","@id":"https:\/\/archeoparkvsestary.cz\/#\/schema\/logo\/image\/","url":"https:\/\/archeoparkvsestary.cz\/wp-content\/uploads\/2023\/03\/logo_archeopark_nadoba.jpg","contentUrl":"https:\/\/archeoparkvsestary.cz\/wp-content\/uploads\/2023\/03\/logo_archeopark_nadoba.jpg","width":300,"height":279,"caption":"Archeopark prav\u011bku V\u0161estary"},"image":{"@id":"https:\/\/archeoparkvsestary.cz\/#\/schema\/logo\/image\/"},"sameAs":["https:\/\/www.facebook.com\/archeoparkvsestary\/"]},{"@type":"Person","@id":"https:\/\/archeoparkvsestary.cz\/#\/schema\/person\/84625a8324d2811f0655bb544a0eb6bc","name":"archeopark","image":{"@type":"ImageObject","inLanguage":"cs","@id":"https:\/\/archeoparkvsestary.cz\/#\/schema\/person\/image\/","url":"https:\/\/secure.gravatar.com\/avatar\/c483f3e8d2c1e5d98d1a724e231c36100ffb14f39a9a1761aca5432ad4e49879?s=96&d=mm&r=g","contentUrl":"https:\/\/secure.gravatar.com\/avatar\/c483f3e8d2c1e5d98d1a724e231c36100ffb14f39a9a1761aca5432ad4e49879?s=96&d=mm&r=g","caption":"archeopark"},"sameAs":["http:\/\/archeoparkvsestary.cz"],"url":"https:\/\/archeoparkvsestary.cz\/?author=1"}]}},"_links":{"self":[{"href":"https:\/\/archeoparkvsestary.cz\/index.php?rest_route=\/wp\/v2\/posts\/1695","targetHints":{"allow":["GET"]}}],"collection":[{"href":"https:\/\/archeoparkvsestary.cz\/index.php?rest_route=\/wp\/v2\/posts"}],"about":[{"href":"https:\/\/archeoparkvsestary.cz\/index.php?rest_route=\/wp\/v2\/types\/post"}],"author":[{"embeddable":true,"href":"https:\/\/archeoparkvsestary.cz\/index.php?rest_route=\/wp\/v2\/users\/1"}],"replies":[{"embeddable":true,"href":"https:\/\/archeoparkvsestary.cz\/index.php?rest_route=%2Fwp%2Fv2%2Fcomments&post=1695"}],"version-history":[{"count":2,"href":"https:\/\/archeoparkvsestary.cz\/index.php?rest_route=\/wp\/v2\/posts\/1695\/revisions"}],"predecessor-version":[{"id":1699,"href":"https:\/\/archeoparkvsestary.cz\/index.php?rest_route=\/wp\/v2\/posts\/1695\/revisions\/1699"}],"wp:featuredmedia":[{"embeddable":true,"href":"https:\/\/archeoparkvsestary.cz\/index.php?rest_route=\/wp\/v2\/media\/1423"}],"wp:attachment":[{"href":"https:\/\/archeoparkvsestary.cz\/index.php?rest_route=%2Fwp%2Fv2%2Fmedia&parent=1695"}],"wp:term":[{"taxonomy":"category","embeddable":true,"href":"https:\/\/archeoparkvsestary.cz\/index.php?rest_route=%2Fwp%2Fv2%2Fcategories&post=1695"},{"taxonomy":"post_tag","embeddable":true,"href":"https:\/\/archeoparkvsestary.cz\/index.php?rest_route=%2Fwp%2Fv2%2Ftags&post=1695"}],"curies":[{"name":"wp","href":"https:\/\/api.w.org\/{rel}","templated":true}]}}