{"id":1982,"date":"2025-04-02T17:29:55","date_gmt":"2025-04-02T15:29:55","guid":{"rendered":"https:\/\/archeoparkvsestary.cz\/?p=1982"},"modified":"2025-04-02T17:30:18","modified_gmt":"2025-04-02T15:30:18","slug":"spoustime-prihlasky-na-primestsky-tabor-v-archeoparku-vsestary-2025","status":"publish","type":"post","link":"https:\/\/archeoparkvsestary.cz\/?p=1982","title":{"rendered":"Spou\u0161t\u00edme p\u0159ihl\u00e1\u0161ky na p\u0159\u00edm\u011bstsk\u00fd t\u00e1bor v\u00a0Archeoparku V\u0161estary 2025"},"content":{"rendered":"\n<p><strong>Poj\u010fte s\u00a0n\u00e1mi na t\u00fdden do prav\u011bku!<\/strong><\/p>\n\n\n\n<p><strong><mark style=\"background-color:rgba(0, 0, 0, 0)\" class=\"has-inline-color has-vivid-red-color\">Z\u00e1kladn\u00ed informace<\/mark><\/strong><\/p>\n\n\n\n<p>Term\u00edn: <strong>4. \u2013 8. 8. 2025<\/strong><\/p>\n\n\n\n<p>P\u0159\u00edchod d\u011bt\u00ed: 7:00 \u2013 8:00 h<\/p>\n\n\n\n<p>Vyzved\u00e1v\u00e1n\u00ed: 16:00 \u2013 17:00 h<\/p>\n\n\n\n<p>Ur\u010deno pro d\u011bti od 6\u201315 let (s dokon\u010denou prvn\u00ed t\u0159\u00eddou Z\u0160)<\/p>\n\n\n\n<p>Cena: <strong>3 000,- K\u010d<\/strong> (cena t\u00e1bora bez ob\u011bda 2 300,- K\u010d)<\/p>\n\n\n\n<p><strong><mark style=\"background-color:rgba(0, 0, 0, 0)\" class=\"has-inline-color has-vivid-red-color\">Co za\u017eijete?<\/mark><\/strong><\/p>\n\n\n\n<p>Ka\u017ed\u00fd den v\u00a0t\u00fddnu se pod\u00edv\u00e1me do jin\u00e9ho obdob\u00ed prav\u011bku. Za\u010dneme mezi lovci mamut\u016f, pod\u00edv\u00e1me se do osady prvn\u00edch zem\u011bd\u011blc\u016f, nav\u0161t\u00edv\u00edme dobu bronzovou, den str\u00e1v\u00edme i mezi Kelty a na z\u00e1v\u011br se zastav\u00edme v\u00a0dob\u011b \u0159\u00edmsk\u00e9.<\/p>\n\n\n\n<p>\u010cekaj\u00ed V\u00e1s hry, sout\u011b\u017ee, vyr\u00e1b\u011bn\u00ed i p\u0159\u00edprava a ochutn\u00e1v\u00e1n\u00ed prav\u011bk\u00fdch pokrm\u016f.<\/p>\n\n\n\n<p>T\u00e1bor se kon\u00e1 v\u00a0are\u00e1lu Archeoparku V\u0161estary a bl\u00edzk\u00e9m okol\u00ed.<\/p>\n\n\n\n<p>Kdo bude m\u00edt dost kur\u00e1\u017ee, m\u016f\u017ee se p\u0159idat i k\u00a0ve\u010dern\u00ed akci spojen\u00e9 s\u00a0bojovkou a p\u0159enocov\u00e1n\u00edm v\u00a0Archeoparku, kter\u00e1 prob\u011bhne <strong>8.8.2025 od 17:00 h do 10:00h 9.8.2025.<\/strong><\/p>\n\n\n\n<p><strong><mark style=\"background-color:rgba(0, 0, 0, 0)\" class=\"has-inline-color has-vivid-red-color\">Co je v\u00a0cen\u011b:<\/mark><\/strong><\/p>\n\n\n\n<p>Po cel\u00fd t\u00fdden budou zaji\u0161t\u011bny tepl\u00e9 ob\u011bdy, j\u00eddeln\u00ed\u010dek bude dostupn\u00fd 14 dn\u00ed p\u0159edem. D\u011bti se speci\u00e1ln\u00edmi dietami si p\u0159inesou ob\u011bd s\u00a0sebou (cena t\u00e1bora bez ob\u011bd\u016f je 2\u00a0300,- K\u010d).<\/p>\n\n\n\n<p>Ka\u017ed\u00fd den si s\u00a0d\u011btmi p\u0159iprav\u00edme odpoledn\u00ed prav\u011bkou sva\u010dinu.<\/p>\n\n\n\n<p>Celodenn\u00ed pitn\u00fd re\u017eim.<\/p>\n\n\n\n<p>Materi\u00e1l na vyr\u00e1b\u011bn\u00ed.<\/p>\n\n\n\n<p>Po celou dobu t\u00e1bora je p\u0159\u00edtomn\u00fd pedagogick\u00fd dozor a zdravotn\u00edk.<\/p>\n\n\n\n<p><strong><mark style=\"background-color:rgba(0, 0, 0, 0)\" class=\"has-inline-color has-vivid-red-color\">Co nen\u00ed v\u00a0cen\u011b:<\/mark><\/strong><\/p>\n\n\n\n<p>Dopoledn\u00ed sva\u010dina, pop\u0159\u00edpad\u011b odpoledn\u00ed, pokud nebude n\u011bkomu chutnat prav\u011bk\u00e1 sva\u010dinka.<\/p>\n\n\n\n<p>N\u00e1klady na stravu b\u011bhem ve\u010dern\u00ed akce z\u00a08.8.2025 na 9.8.2025. Bude se vyb\u00edrat dodate\u010dn\u00fd poplatek 300,- K\u010d.<\/p>\n\n\n\n<p><strong><mark style=\"background-color:rgba(0, 0, 0, 0)\" class=\"has-inline-color has-vivid-red-color\">Jak se p\u0159ihl\u00e1sit?<\/mark><\/strong><\/p>\n\n\n\n<p>Pro p\u0159ihl\u00e1\u0161en\u00ed se n\u00e1m ozv\u011bte na emailov\u00e9 adrese <a href=\"mailto:archeoparkvsestary@seznam.cz\">archeoparkvsestary@seznam.cz<\/a>. My V\u00e1m za\u0161leme p\u0159ihl\u00e1\u0161ku k\u00a0vypln\u011bn\u00ed a podrobn\u00e9 pokyny ke kon\u00e1n\u00ed p\u0159\u00edm\u011bstsk\u00e9ho t\u00e1bora.<\/p>\n\n\n\n<p>Rezervace je platn\u00e1 a\u017e po vypln\u011bn\u00ed p\u0159ihl\u00e1\u0161ky a zaplacen\u00ed z\u00e1lohy.<\/p>\n\n\n\n<p>V p\u0159\u00edpad\u011b dotaz\u016f n\u00e1s kontaktujte na tel. \u010d\u00edsle 731\u00a0541 960 nebo e-mailem <a href=\"mailto:archeoparkvsestary@seznam.cz\">archeoparkvsestary@seznam.cz<\/a>.<\/p>\n","protected":false},"excerpt":{"rendered":"<p>Poj\u010fte s\u00a0n\u00e1mi na t\u00fdden do prav\u011bku! Z\u00e1kladn\u00ed informace Term\u00edn: 4. \u2013 8. 8. 2025 P\u0159\u00edchod d\u011bt\u00ed: 7:00 \u2013 8:00 h Vyzved\u00e1v\u00e1n\u00ed: 16:00 \u2013 17:00 h Ur\u010deno pro d\u011bti od 6\u201315 let (s dokon\u010denou prvn\u00ed t\u0159\u00eddou Z\u0160) Cena: 3 000,- K\u010d (cena t\u00e1bora bez ob\u011bda 2 300,- K\u010d) Co za\u017eijete? Ka\u017ed\u00fd den v\u00a0t\u00fddnu se pod\u00edv\u00e1me do jin\u00e9ho obdob\u00ed prav\u011bku. Za\u010dneme mezi lovci mamut\u016f, pod\u00edv\u00e1me se do osady prvn\u00edch zem\u011bd\u011blc\u016f, nav\u0161t\u00edv\u00edme dobu bronzovou, den str\u00e1v\u00edme i mezi Kelty a na z\u00e1v\u011br se zastav\u00edme v\u00a0dob\u011b \u0159\u00edmsk\u00e9. \u010cekaj\u00ed V\u00e1s hry, sout\u011b\u017ee, vyr\u00e1b\u011bn\u00ed i p\u0159\u00edprava a ochutn\u00e1v\u00e1n\u00ed prav\u011bk\u00fdch pokrm\u016f. T\u00e1bor se kon\u00e1 v\u00a0are\u00e1lu Archeoparku V\u0161estary a bl\u00edzk\u00e9m okol\u00ed. Kdo bude m\u00edt dost kur\u00e1\u017ee, m\u016f\u017ee se p\u0159idat i k\u00a0ve\u010dern\u00ed akci spojen\u00e9 s\u00a0bojovkou a p\u0159enocov\u00e1n\u00edm v\u00a0Archeoparku, kter\u00e1 prob\u011bhne 8.8.2025 od 17:00 h do 10:00h 9.8.2025. Co je v\u00a0cen\u011b: Po cel\u00fd t\u00fdden budou zaji\u0161t\u011bny tepl\u00e9 ob\u011bdy, j\u00eddeln\u00ed\u010dek bude dostupn\u00fd 14 dn\u00ed p\u0159edem. D\u011bti se speci\u00e1ln\u00edmi dietami si p\u0159inesou ob\u011bd s\u00a0sebou (cena t\u00e1bora bez ob\u011bd\u016f je 2\u00a0300,- K\u010d). Ka\u017ed\u00fd den si s\u00a0d\u011btmi p\u0159iprav\u00edme odpoledn\u00ed prav\u011bkou sva\u010dinu. Celodenn\u00ed pitn\u00fd re\u017eim. Materi\u00e1l na vyr\u00e1b\u011bn\u00ed. Po celou dobu t\u00e1bora je p\u0159\u00edtomn\u00fd pedagogick\u00fd dozor a zdravotn\u00edk. Co nen\u00ed v\u00a0cen\u011b: Dopoledn\u00ed sva\u010dina, pop\u0159\u00edpad\u011b odpoledn\u00ed, pokud nebude n\u011bkomu chutnat prav\u011bk\u00e1 sva\u010dinka. N\u00e1klady na stravu b\u011bhem ve\u010dern\u00ed akce z\u00a08.8.2025 na 9.8.2025. Bude se vyb\u00edrat dodate\u010dn\u00fd poplatek 300,- K\u010d. Jak se p\u0159ihl\u00e1sit? Pro p\u0159ihl\u00e1\u0161en\u00ed se n\u00e1m ozv\u011bte na emailov\u00e9 adrese archeoparkvsestary@seznam.cz. My V\u00e1m za\u0161leme p\u0159ihl\u00e1\u0161ku k\u00a0vypln\u011bn\u00ed a podrobn\u00e9 pokyny ke kon\u00e1n\u00ed p\u0159\u00edm\u011bstsk\u00e9ho t\u00e1bora. Rezervace je platn\u00e1 a\u017e po vypln\u011bn\u00ed p\u0159ihl\u00e1\u0161ky a zaplacen\u00ed z\u00e1lohy. V p\u0159\u00edpad\u011b dotaz\u016f n\u00e1s kontaktujte na tel. \u010d\u00edsle 731\u00a0541 960 nebo e-mailem archeoparkvsestary@seznam.cz.<\/p>\n","protected":false},"author":1,"featured_media":1983,"comment_status":"closed","ping_status":"open","sticky":false,"template":"","format":"standard","meta":{"_monsterinsights_skip_tracking":false,"_monsterinsights_sitenote_active":false,"_monsterinsights_sitenote_note":"","_monsterinsights_sitenote_category":0,"footnotes":""},"categories":[18],"tags":[],"class_list":["post-1982","post","type-post","status-publish","format-standard","has-post-thumbnail","hentry","category-primestsky-tabor"],"yoast_head":"<!-- This site is optimized with the Yoast SEO plugin v26.7 - https:\/\/yoast.com\/wordpress\/plugins\/seo\/ -->\n<title>Spou\u0161t\u00edme p\u0159ihl\u00e1\u0161ky na p\u0159\u00edm\u011bstsk\u00fd t\u00e1bor v\u00a0Archeoparku V\u0161estary 2025 - Archeopark prav\u011bku V\u0161estary<\/title>\n<meta name=\"robots\" content=\"index, follow, max-snippet:-1, max-image-preview:large, max-video-preview:-1\" \/>\n<link rel=\"canonical\" href=\"https:\/\/archeoparkvsestary.cz\/?p=1982\" \/>\n<meta property=\"og:locale\" content=\"cs_CZ\" \/>\n<meta property=\"og:type\" content=\"article\" \/>\n<meta property=\"og:title\" content=\"Spou\u0161t\u00edme p\u0159ihl\u00e1\u0161ky na p\u0159\u00edm\u011bstsk\u00fd t\u00e1bor v\u00a0Archeoparku V\u0161estary 2025 - Archeopark prav\u011bku V\u0161estary\" \/>\n<meta property=\"og:description\" content=\"Poj\u010fte s\u00a0n\u00e1mi na t\u00fdden do prav\u011bku! Z\u00e1kladn\u00ed informace Term\u00edn: 4. \u2013 8. 8. 2025 P\u0159\u00edchod d\u011bt\u00ed: 7:00 \u2013 8:00 h Vyzved\u00e1v\u00e1n\u00ed: 16:00 \u2013 17:00 h Ur\u010deno pro d\u011bti od 6\u201315 let (s dokon\u010denou prvn\u00ed t\u0159\u00eddou Z\u0160) Cena: 3 000,- K\u010d (cena t\u00e1bora bez ob\u011bda 2 300,- K\u010d) Co za\u017eijete? Ka\u017ed\u00fd den v\u00a0t\u00fddnu se pod\u00edv\u00e1me do jin\u00e9ho obdob\u00ed prav\u011bku. Za\u010dneme mezi lovci mamut\u016f, pod\u00edv\u00e1me se do osady prvn\u00edch zem\u011bd\u011blc\u016f, nav\u0161t\u00edv\u00edme dobu bronzovou, den str\u00e1v\u00edme i mezi Kelty a na z\u00e1v\u011br se zastav\u00edme v\u00a0dob\u011b \u0159\u00edmsk\u00e9. \u010cekaj\u00ed V\u00e1s hry, sout\u011b\u017ee, vyr\u00e1b\u011bn\u00ed i p\u0159\u00edprava a ochutn\u00e1v\u00e1n\u00ed prav\u011bk\u00fdch pokrm\u016f. T\u00e1bor se kon\u00e1 v\u00a0are\u00e1lu Archeoparku V\u0161estary a bl\u00edzk\u00e9m okol\u00ed. Kdo bude m\u00edt dost kur\u00e1\u017ee, m\u016f\u017ee se p\u0159idat i k\u00a0ve\u010dern\u00ed akci spojen\u00e9 s\u00a0bojovkou a p\u0159enocov\u00e1n\u00edm v\u00a0Archeoparku, kter\u00e1 prob\u011bhne 8.8.2025 od 17:00 h do 10:00h 9.8.2025. Co je v\u00a0cen\u011b: Po cel\u00fd t\u00fdden budou zaji\u0161t\u011bny tepl\u00e9 ob\u011bdy, j\u00eddeln\u00ed\u010dek bude dostupn\u00fd 14 dn\u00ed p\u0159edem. D\u011bti se speci\u00e1ln\u00edmi dietami si p\u0159inesou ob\u011bd s\u00a0sebou (cena t\u00e1bora bez ob\u011bd\u016f je 2\u00a0300,- K\u010d). Ka\u017ed\u00fd den si s\u00a0d\u011btmi p\u0159iprav\u00edme odpoledn\u00ed prav\u011bkou sva\u010dinu. Celodenn\u00ed pitn\u00fd re\u017eim. Materi\u00e1l na vyr\u00e1b\u011bn\u00ed. Po celou dobu t\u00e1bora je p\u0159\u00edtomn\u00fd pedagogick\u00fd dozor a zdravotn\u00edk. Co nen\u00ed v\u00a0cen\u011b: Dopoledn\u00ed sva\u010dina, pop\u0159\u00edpad\u011b odpoledn\u00ed, pokud nebude n\u011bkomu chutnat prav\u011bk\u00e1 sva\u010dinka. N\u00e1klady na stravu b\u011bhem ve\u010dern\u00ed akce z\u00a08.8.2025 na 9.8.2025. Bude se vyb\u00edrat dodate\u010dn\u00fd poplatek 300,- K\u010d. Jak se p\u0159ihl\u00e1sit? Pro p\u0159ihl\u00e1\u0161en\u00ed se n\u00e1m ozv\u011bte na emailov\u00e9 adrese archeoparkvsestary@seznam.cz. My V\u00e1m za\u0161leme p\u0159ihl\u00e1\u0161ku k\u00a0vypln\u011bn\u00ed a podrobn\u00e9 pokyny ke kon\u00e1n\u00ed p\u0159\u00edm\u011bstsk\u00e9ho t\u00e1bora. Rezervace je platn\u00e1 a\u017e po vypln\u011bn\u00ed p\u0159ihl\u00e1\u0161ky a zaplacen\u00ed z\u00e1lohy. V p\u0159\u00edpad\u011b dotaz\u016f n\u00e1s kontaktujte na tel. \u010d\u00edsle 731\u00a0541 960 nebo e-mailem archeoparkvsestary@seznam.cz.\" \/>\n<meta property=\"og:url\" content=\"https:\/\/archeoparkvsestary.cz\/?p=1982\" \/>\n<meta property=\"og:site_name\" content=\"Archeopark prav\u011bku V\u0161estary\" \/>\n<meta property=\"article:publisher\" content=\"https:\/\/www.facebook.com\/archeoparkvsestary\/\" \/>\n<meta property=\"article:published_time\" content=\"2025-04-02T15:29:55+00:00\" \/>\n<meta property=\"article:modified_time\" content=\"2025-04-02T15:30:18+00:00\" \/>\n<meta property=\"og:image\" content=\"https:\/\/archeoparkvsestary.cz\/wp-content\/uploads\/2025\/04\/letak-A5-Archeopark-primestsky-tabor-2025-web.jpg\" \/>\n\t<meta property=\"og:image:width\" content=\"583\" \/>\n\t<meta property=\"og:image:height\" content=\"827\" \/>\n\t<meta property=\"og:image:type\" content=\"image\/jpeg\" \/>\n<meta name=\"author\" content=\"archeopark\" \/>\n<meta name=\"twitter:card\" content=\"summary_large_image\" \/>\n<meta name=\"twitter:label1\" content=\"Napsal(a)\" \/>\n\t<meta name=\"twitter:data1\" content=\"archeopark\" \/>\n\t<meta name=\"twitter:label2\" content=\"Odhadovan\u00e1 doba \u010dten\u00ed\" \/>\n\t<meta name=\"twitter:data2\" content=\"2 minuty\" \/>\n<script type=\"application\/ld+json\" class=\"yoast-schema-graph\">{\"@context\":\"https:\/\/schema.org\",\"@graph\":[{\"@type\":\"Article\",\"@id\":\"https:\/\/archeoparkvsestary.cz\/?p=1982#article\",\"isPartOf\":{\"@id\":\"https:\/\/archeoparkvsestary.cz\/?p=1982\"},\"author\":{\"name\":\"archeopark\",\"@id\":\"https:\/\/archeoparkvsestary.cz\/#\/schema\/person\/84625a8324d2811f0655bb544a0eb6bc\"},\"headline\":\"Spou\u0161t\u00edme p\u0159ihl\u00e1\u0161ky na p\u0159\u00edm\u011bstsk\u00fd t\u00e1bor v\u00a0Archeoparku V\u0161estary 2025\",\"datePublished\":\"2025-04-02T15:29:55+00:00\",\"dateModified\":\"2025-04-02T15:30:18+00:00\",\"mainEntityOfPage\":{\"@id\":\"https:\/\/archeoparkvsestary.cz\/?p=1982\"},\"wordCount\":389,\"publisher\":{\"@id\":\"https:\/\/archeoparkvsestary.cz\/#organization\"},\"image\":{\"@id\":\"https:\/\/archeoparkvsestary.cz\/?p=1982#primaryimage\"},\"thumbnailUrl\":\"https:\/\/archeoparkvsestary.cz\/wp-content\/uploads\/2025\/04\/letak-A5-Archeopark-primestsky-tabor-2025-web.jpg\",\"articleSection\":[\"P\u0159\u00edm\u011bstsk\u00fd t\u00e1bor\"],\"inLanguage\":\"cs\"},{\"@type\":\"WebPage\",\"@id\":\"https:\/\/archeoparkvsestary.cz\/?p=1982\",\"url\":\"https:\/\/archeoparkvsestary.cz\/?p=1982\",\"name\":\"Spou\u0161t\u00edme p\u0159ihl\u00e1\u0161ky na p\u0159\u00edm\u011bstsk\u00fd t\u00e1bor v\u00a0Archeoparku V\u0161estary 2025 - Archeopark prav\u011bku V\u0161estary\",\"isPartOf\":{\"@id\":\"https:\/\/archeoparkvsestary.cz\/#website\"},\"primaryImageOfPage\":{\"@id\":\"https:\/\/archeoparkvsestary.cz\/?p=1982#primaryimage\"},\"image\":{\"@id\":\"https:\/\/archeoparkvsestary.cz\/?p=1982#primaryimage\"},\"thumbnailUrl\":\"https:\/\/archeoparkvsestary.cz\/wp-content\/uploads\/2025\/04\/letak-A5-Archeopark-primestsky-tabor-2025-web.jpg\",\"datePublished\":\"2025-04-02T15:29:55+00:00\",\"dateModified\":\"2025-04-02T15:30:18+00:00\",\"breadcrumb\":{\"@id\":\"https:\/\/archeoparkvsestary.cz\/?p=1982#breadcrumb\"},\"inLanguage\":\"cs\",\"potentialAction\":[{\"@type\":\"ReadAction\",\"target\":[\"https:\/\/archeoparkvsestary.cz\/?p=1982\"]}]},{\"@type\":\"ImageObject\",\"inLanguage\":\"cs\",\"@id\":\"https:\/\/archeoparkvsestary.cz\/?p=1982#primaryimage\",\"url\":\"https:\/\/archeoparkvsestary.cz\/wp-content\/uploads\/2025\/04\/letak-A5-Archeopark-primestsky-tabor-2025-web.jpg\",\"contentUrl\":\"https:\/\/archeoparkvsestary.cz\/wp-content\/uploads\/2025\/04\/letak-A5-Archeopark-primestsky-tabor-2025-web.jpg\",\"width\":583,\"height\":827},{\"@type\":\"BreadcrumbList\",\"@id\":\"https:\/\/archeoparkvsestary.cz\/?p=1982#breadcrumb\",\"itemListElement\":[{\"@type\":\"ListItem\",\"position\":1,\"name\":\"Home\",\"item\":\"https:\/\/archeoparkvsestary.cz\/\"},{\"@type\":\"ListItem\",\"position\":2,\"name\":\"Spou\u0161t\u00edme p\u0159ihl\u00e1\u0161ky na p\u0159\u00edm\u011bstsk\u00fd t\u00e1bor v\u00a0Archeoparku V\u0161estary 2025\"}]},{\"@type\":\"WebSite\",\"@id\":\"https:\/\/archeoparkvsestary.cz\/#website\",\"url\":\"https:\/\/archeoparkvsestary.cz\/\",\"name\":\"Archeopark prav\u011bku V\u0161estary\",\"description\":\"Archeopark prav\u011bku V\u0161estary\",\"publisher\":{\"@id\":\"https:\/\/archeoparkvsestary.cz\/#organization\"},\"potentialAction\":[{\"@type\":\"SearchAction\",\"target\":{\"@type\":\"EntryPoint\",\"urlTemplate\":\"https:\/\/archeoparkvsestary.cz\/?s={search_term_string}\"},\"query-input\":{\"@type\":\"PropertyValueSpecification\",\"valueRequired\":true,\"valueName\":\"search_term_string\"}}],\"inLanguage\":\"cs\"},{\"@type\":\"Organization\",\"@id\":\"https:\/\/archeoparkvsestary.cz\/#organization\",\"name\":\"Archeopark prav\u011bku V\u0161estary\",\"url\":\"https:\/\/archeoparkvsestary.cz\/\",\"logo\":{\"@type\":\"ImageObject\",\"inLanguage\":\"cs\",\"@id\":\"https:\/\/archeoparkvsestary.cz\/#\/schema\/logo\/image\/\",\"url\":\"https:\/\/archeoparkvsestary.cz\/wp-content\/uploads\/2023\/03\/logo_archeopark_nadoba.jpg\",\"contentUrl\":\"https:\/\/archeoparkvsestary.cz\/wp-content\/uploads\/2023\/03\/logo_archeopark_nadoba.jpg\",\"width\":300,\"height\":279,\"caption\":\"Archeopark prav\u011bku V\u0161estary\"},\"image\":{\"@id\":\"https:\/\/archeoparkvsestary.cz\/#\/schema\/logo\/image\/\"},\"sameAs\":[\"https:\/\/www.facebook.com\/archeoparkvsestary\/\"]},{\"@type\":\"Person\",\"@id\":\"https:\/\/archeoparkvsestary.cz\/#\/schema\/person\/84625a8324d2811f0655bb544a0eb6bc\",\"name\":\"archeopark\",\"image\":{\"@type\":\"ImageObject\",\"inLanguage\":\"cs\",\"@id\":\"https:\/\/archeoparkvsestary.cz\/#\/schema\/person\/image\/\",\"url\":\"https:\/\/secure.gravatar.com\/avatar\/c483f3e8d2c1e5d98d1a724e231c36100ffb14f39a9a1761aca5432ad4e49879?s=96&d=mm&r=g\",\"contentUrl\":\"https:\/\/secure.gravatar.com\/avatar\/c483f3e8d2c1e5d98d1a724e231c36100ffb14f39a9a1761aca5432ad4e49879?s=96&d=mm&r=g\",\"caption\":\"archeopark\"},\"sameAs\":[\"http:\/\/archeoparkvsestary.cz\"],\"url\":\"https:\/\/archeoparkvsestary.cz\/?author=1\"}]}<\/script>\n<!-- \/ Yoast SEO plugin. -->","yoast_head_json":{"title":"Spou\u0161t\u00edme p\u0159ihl\u00e1\u0161ky na p\u0159\u00edm\u011bstsk\u00fd t\u00e1bor v\u00a0Archeoparku V\u0161estary 2025 - Archeopark prav\u011bku V\u0161estary","robots":{"index":"index","follow":"follow","max-snippet":"max-snippet:-1","max-image-preview":"max-image-preview:large","max-video-preview":"max-video-preview:-1"},"canonical":"https:\/\/archeoparkvsestary.cz\/?p=1982","og_locale":"cs_CZ","og_type":"article","og_title":"Spou\u0161t\u00edme p\u0159ihl\u00e1\u0161ky na p\u0159\u00edm\u011bstsk\u00fd t\u00e1bor v\u00a0Archeoparku V\u0161estary 2025 - Archeopark prav\u011bku V\u0161estary","og_description":"Poj\u010fte s\u00a0n\u00e1mi na t\u00fdden do prav\u011bku! Z\u00e1kladn\u00ed informace Term\u00edn: 4. \u2013 8. 8. 2025 P\u0159\u00edchod d\u011bt\u00ed: 7:00 \u2013 8:00 h Vyzved\u00e1v\u00e1n\u00ed: 16:00 \u2013 17:00 h Ur\u010deno pro d\u011bti od 6\u201315 let (s dokon\u010denou prvn\u00ed t\u0159\u00eddou Z\u0160) Cena: 3 000,- K\u010d (cena t\u00e1bora bez ob\u011bda 2 300,- K\u010d) Co za\u017eijete? Ka\u017ed\u00fd den v\u00a0t\u00fddnu se pod\u00edv\u00e1me do jin\u00e9ho obdob\u00ed prav\u011bku. Za\u010dneme mezi lovci mamut\u016f, pod\u00edv\u00e1me se do osady prvn\u00edch zem\u011bd\u011blc\u016f, nav\u0161t\u00edv\u00edme dobu bronzovou, den str\u00e1v\u00edme i mezi Kelty a na z\u00e1v\u011br se zastav\u00edme v\u00a0dob\u011b \u0159\u00edmsk\u00e9. \u010cekaj\u00ed V\u00e1s hry, sout\u011b\u017ee, vyr\u00e1b\u011bn\u00ed i p\u0159\u00edprava a ochutn\u00e1v\u00e1n\u00ed prav\u011bk\u00fdch pokrm\u016f. T\u00e1bor se kon\u00e1 v\u00a0are\u00e1lu Archeoparku V\u0161estary a bl\u00edzk\u00e9m okol\u00ed. Kdo bude m\u00edt dost kur\u00e1\u017ee, m\u016f\u017ee se p\u0159idat i k\u00a0ve\u010dern\u00ed akci spojen\u00e9 s\u00a0bojovkou a p\u0159enocov\u00e1n\u00edm v\u00a0Archeoparku, kter\u00e1 prob\u011bhne 8.8.2025 od 17:00 h do 10:00h 9.8.2025. Co je v\u00a0cen\u011b: Po cel\u00fd t\u00fdden budou zaji\u0161t\u011bny tepl\u00e9 ob\u011bdy, j\u00eddeln\u00ed\u010dek bude dostupn\u00fd 14 dn\u00ed p\u0159edem. D\u011bti se speci\u00e1ln\u00edmi dietami si p\u0159inesou ob\u011bd s\u00a0sebou (cena t\u00e1bora bez ob\u011bd\u016f je 2\u00a0300,- K\u010d). Ka\u017ed\u00fd den si s\u00a0d\u011btmi p\u0159iprav\u00edme odpoledn\u00ed prav\u011bkou sva\u010dinu. Celodenn\u00ed pitn\u00fd re\u017eim. Materi\u00e1l na vyr\u00e1b\u011bn\u00ed. Po celou dobu t\u00e1bora je p\u0159\u00edtomn\u00fd pedagogick\u00fd dozor a zdravotn\u00edk. Co nen\u00ed v\u00a0cen\u011b: Dopoledn\u00ed sva\u010dina, pop\u0159\u00edpad\u011b odpoledn\u00ed, pokud nebude n\u011bkomu chutnat prav\u011bk\u00e1 sva\u010dinka. N\u00e1klady na stravu b\u011bhem ve\u010dern\u00ed akce z\u00a08.8.2025 na 9.8.2025. Bude se vyb\u00edrat dodate\u010dn\u00fd poplatek 300,- K\u010d. Jak se p\u0159ihl\u00e1sit? Pro p\u0159ihl\u00e1\u0161en\u00ed se n\u00e1m ozv\u011bte na emailov\u00e9 adrese archeoparkvsestary@seznam.cz. My V\u00e1m za\u0161leme p\u0159ihl\u00e1\u0161ku k\u00a0vypln\u011bn\u00ed a podrobn\u00e9 pokyny ke kon\u00e1n\u00ed p\u0159\u00edm\u011bstsk\u00e9ho t\u00e1bora. Rezervace je platn\u00e1 a\u017e po vypln\u011bn\u00ed p\u0159ihl\u00e1\u0161ky a zaplacen\u00ed z\u00e1lohy. V p\u0159\u00edpad\u011b dotaz\u016f n\u00e1s kontaktujte na tel. \u010d\u00edsle 731\u00a0541 960 nebo e-mailem archeoparkvsestary@seznam.cz.","og_url":"https:\/\/archeoparkvsestary.cz\/?p=1982","og_site_name":"Archeopark prav\u011bku V\u0161estary","article_publisher":"https:\/\/www.facebook.com\/archeoparkvsestary\/","article_published_time":"2025-04-02T15:29:55+00:00","article_modified_time":"2025-04-02T15:30:18+00:00","og_image":[{"width":583,"height":827,"url":"https:\/\/archeoparkvsestary.cz\/wp-content\/uploads\/2025\/04\/letak-A5-Archeopark-primestsky-tabor-2025-web.jpg","type":"image\/jpeg"}],"author":"archeopark","twitter_card":"summary_large_image","twitter_misc":{"Napsal(a)":"archeopark","Odhadovan\u00e1 doba \u010dten\u00ed":"2 minuty"},"schema":{"@context":"https:\/\/schema.org","@graph":[{"@type":"Article","@id":"https:\/\/archeoparkvsestary.cz\/?p=1982#article","isPartOf":{"@id":"https:\/\/archeoparkvsestary.cz\/?p=1982"},"author":{"name":"archeopark","@id":"https:\/\/archeoparkvsestary.cz\/#\/schema\/person\/84625a8324d2811f0655bb544a0eb6bc"},"headline":"Spou\u0161t\u00edme p\u0159ihl\u00e1\u0161ky na p\u0159\u00edm\u011bstsk\u00fd t\u00e1bor v\u00a0Archeoparku V\u0161estary 2025","datePublished":"2025-04-02T15:29:55+00:00","dateModified":"2025-04-02T15:30:18+00:00","mainEntityOfPage":{"@id":"https:\/\/archeoparkvsestary.cz\/?p=1982"},"wordCount":389,"publisher":{"@id":"https:\/\/archeoparkvsestary.cz\/#organization"},"image":{"@id":"https:\/\/archeoparkvsestary.cz\/?p=1982#primaryimage"},"thumbnailUrl":"https:\/\/archeoparkvsestary.cz\/wp-content\/uploads\/2025\/04\/letak-A5-Archeopark-primestsky-tabor-2025-web.jpg","articleSection":["P\u0159\u00edm\u011bstsk\u00fd t\u00e1bor"],"inLanguage":"cs"},{"@type":"WebPage","@id":"https:\/\/archeoparkvsestary.cz\/?p=1982","url":"https:\/\/archeoparkvsestary.cz\/?p=1982","name":"Spou\u0161t\u00edme p\u0159ihl\u00e1\u0161ky na p\u0159\u00edm\u011bstsk\u00fd t\u00e1bor v\u00a0Archeoparku V\u0161estary 2025 - Archeopark prav\u011bku V\u0161estary","isPartOf":{"@id":"https:\/\/archeoparkvsestary.cz\/#website"},"primaryImageOfPage":{"@id":"https:\/\/archeoparkvsestary.cz\/?p=1982#primaryimage"},"image":{"@id":"https:\/\/archeoparkvsestary.cz\/?p=1982#primaryimage"},"thumbnailUrl":"https:\/\/archeoparkvsestary.cz\/wp-content\/uploads\/2025\/04\/letak-A5-Archeopark-primestsky-tabor-2025-web.jpg","datePublished":"2025-04-02T15:29:55+00:00","dateModified":"2025-04-02T15:30:18+00:00","breadcrumb":{"@id":"https:\/\/archeoparkvsestary.cz\/?p=1982#breadcrumb"},"inLanguage":"cs","potentialAction":[{"@type":"ReadAction","target":["https:\/\/archeoparkvsestary.cz\/?p=1982"]}]},{"@type":"ImageObject","inLanguage":"cs","@id":"https:\/\/archeoparkvsestary.cz\/?p=1982#primaryimage","url":"https:\/\/archeoparkvsestary.cz\/wp-content\/uploads\/2025\/04\/letak-A5-Archeopark-primestsky-tabor-2025-web.jpg","contentUrl":"https:\/\/archeoparkvsestary.cz\/wp-content\/uploads\/2025\/04\/letak-A5-Archeopark-primestsky-tabor-2025-web.jpg","width":583,"height":827},{"@type":"BreadcrumbList","@id":"https:\/\/archeoparkvsestary.cz\/?p=1982#breadcrumb","itemListElement":[{"@type":"ListItem","position":1,"name":"Home","item":"https:\/\/archeoparkvsestary.cz\/"},{"@type":"ListItem","position":2,"name":"Spou\u0161t\u00edme p\u0159ihl\u00e1\u0161ky na p\u0159\u00edm\u011bstsk\u00fd t\u00e1bor v\u00a0Archeoparku V\u0161estary 2025"}]},{"@type":"WebSite","@id":"https:\/\/archeoparkvsestary.cz\/#website","url":"https:\/\/archeoparkvsestary.cz\/","name":"Archeopark prav\u011bku V\u0161estary","description":"Archeopark prav\u011bku V\u0161estary","publisher":{"@id":"https:\/\/archeoparkvsestary.cz\/#organization"},"potentialAction":[{"@type":"SearchAction","target":{"@type":"EntryPoint","urlTemplate":"https:\/\/archeoparkvsestary.cz\/?s={search_term_string}"},"query-input":{"@type":"PropertyValueSpecification","valueRequired":true,"valueName":"search_term_string"}}],"inLanguage":"cs"},{"@type":"Organization","@id":"https:\/\/archeoparkvsestary.cz\/#organization","name":"Archeopark prav\u011bku V\u0161estary","url":"https:\/\/archeoparkvsestary.cz\/","logo":{"@type":"ImageObject","inLanguage":"cs","@id":"https:\/\/archeoparkvsestary.cz\/#\/schema\/logo\/image\/","url":"https:\/\/archeoparkvsestary.cz\/wp-content\/uploads\/2023\/03\/logo_archeopark_nadoba.jpg","contentUrl":"https:\/\/archeoparkvsestary.cz\/wp-content\/uploads\/2023\/03\/logo_archeopark_nadoba.jpg","width":300,"height":279,"caption":"Archeopark prav\u011bku V\u0161estary"},"image":{"@id":"https:\/\/archeoparkvsestary.cz\/#\/schema\/logo\/image\/"},"sameAs":["https:\/\/www.facebook.com\/archeoparkvsestary\/"]},{"@type":"Person","@id":"https:\/\/archeoparkvsestary.cz\/#\/schema\/person\/84625a8324d2811f0655bb544a0eb6bc","name":"archeopark","image":{"@type":"ImageObject","inLanguage":"cs","@id":"https:\/\/archeoparkvsestary.cz\/#\/schema\/person\/image\/","url":"https:\/\/secure.gravatar.com\/avatar\/c483f3e8d2c1e5d98d1a724e231c36100ffb14f39a9a1761aca5432ad4e49879?s=96&d=mm&r=g","contentUrl":"https:\/\/secure.gravatar.com\/avatar\/c483f3e8d2c1e5d98d1a724e231c36100ffb14f39a9a1761aca5432ad4e49879?s=96&d=mm&r=g","caption":"archeopark"},"sameAs":["http:\/\/archeoparkvsestary.cz"],"url":"https:\/\/archeoparkvsestary.cz\/?author=1"}]}},"_links":{"self":[{"href":"https:\/\/archeoparkvsestary.cz\/index.php?rest_route=\/wp\/v2\/posts\/1982","targetHints":{"allow":["GET"]}}],"collection":[{"href":"https:\/\/archeoparkvsestary.cz\/index.php?rest_route=\/wp\/v2\/posts"}],"about":[{"href":"https:\/\/archeoparkvsestary.cz\/index.php?rest_route=\/wp\/v2\/types\/post"}],"author":[{"embeddable":true,"href":"https:\/\/archeoparkvsestary.cz\/index.php?rest_route=\/wp\/v2\/users\/1"}],"replies":[{"embeddable":true,"href":"https:\/\/archeoparkvsestary.cz\/index.php?rest_route=%2Fwp%2Fv2%2Fcomments&post=1982"}],"version-history":[{"count":1,"href":"https:\/\/archeoparkvsestary.cz\/index.php?rest_route=\/wp\/v2\/posts\/1982\/revisions"}],"predecessor-version":[{"id":1984,"href":"https:\/\/archeoparkvsestary.cz\/index.php?rest_route=\/wp\/v2\/posts\/1982\/revisions\/1984"}],"wp:featuredmedia":[{"embeddable":true,"href":"https:\/\/archeoparkvsestary.cz\/index.php?rest_route=\/wp\/v2\/media\/1983"}],"wp:attachment":[{"href":"https:\/\/archeoparkvsestary.cz\/index.php?rest_route=%2Fwp%2Fv2%2Fmedia&parent=1982"}],"wp:term":[{"taxonomy":"category","embeddable":true,"href":"https:\/\/archeoparkvsestary.cz\/index.php?rest_route=%2Fwp%2Fv2%2Fcategories&post=1982"},{"taxonomy":"post_tag","embeddable":true,"href":"https:\/\/archeoparkvsestary.cz\/index.php?rest_route=%2Fwp%2Fv2%2Ftags&post=1982"}],"curies":[{"name":"wp","href":"https:\/\/api.w.org\/{rel}","templated":true}]}}