{"id":855,"date":"2023-04-13T13:46:15","date_gmt":"2023-04-13T11:46:15","guid":{"rendered":"https:\/\/archeoparkvsestary.cz\/?p=855"},"modified":"2023-04-13T13:46:39","modified_gmt":"2023-04-13T11:46:39","slug":"archeopark-se-otevira-pro-verejnost","status":"publish","type":"post","link":"https:\/\/archeoparkvsestary.cz\/?p=855","title":{"rendered":"Archeopark se otev\u00edr\u00e1 pro ve\u0159ejnost"},"content":{"rendered":"\n<p>Otev\u00edrac\u00ed doba v obdob\u00ed od 15. 4. do 30. 6. 2023 bude o v\u00edkendech a st\u00e1tn\u00edch sv\u00e1tc\u00edch v \u010dase 10:00 a\u017e  17:00 hodin. V pracovn\u00ed dny bude Archeopark i nad\u00e1le otev\u0159en pouze pro \u0161koln\u00ed exkurze a v\u00fdlety.<\/p>\n\n\n\n<p>Kompletn\u00ed otev\u00edrac\u00ed doba v leto\u0161n\u00ed sez\u00f3n\u011b je <a href=\"http:\/\/archeoparkvsestary.cz\/?page_id=55\">zde<\/a>.<\/p>\n\n\n\n<p><\/p>\n\n\n\n<p><\/p>\n\n\n\n<p><\/p>\n","protected":false},"excerpt":{"rendered":"<p>Otev\u00edrac\u00ed doba v obdob\u00ed od 15. 4. do 30. 6. 2023 bude o v\u00edkendech a st\u00e1tn\u00edch sv\u00e1tc\u00edch v \u010dase 10:00 a\u017e 17:00 hodin. V pracovn\u00ed dny bude Archeopark i nad\u00e1le otev\u0159en pouze pro \u0161koln\u00ed exkurze a v\u00fdlety. Kompletn\u00ed otev\u00edrac\u00ed doba v leto\u0161n\u00ed sez\u00f3n\u011b je zde.<\/p>\n","protected":false},"author":1,"featured_media":856,"comment_status":"closed","ping_status":"open","sticky":false,"template":"","format":"standard","meta":{"_monsterinsights_skip_tracking":false,"_monsterinsights_sitenote_active":false,"_monsterinsights_sitenote_note":"","_monsterinsights_sitenote_category":0,"footnotes":""},"categories":[8],"tags":[],"class_list":["post-855","post","type-post","status-publish","format-standard","has-post-thumbnail","hentry","category-upozorneni"],"yoast_head":"<!-- This site is optimized with the Yoast SEO plugin v26.7 - https:\/\/yoast.com\/wordpress\/plugins\/seo\/ -->\n<title>Archeopark se otev\u00edr\u00e1 pro ve\u0159ejnost - Archeopark prav\u011bku V\u0161estary<\/title>\n<meta name=\"robots\" content=\"index, follow, max-snippet:-1, max-image-preview:large, max-video-preview:-1\" \/>\n<link rel=\"canonical\" href=\"https:\/\/archeoparkvsestary.cz\/?p=855\" \/>\n<meta property=\"og:locale\" content=\"cs_CZ\" \/>\n<meta property=\"og:type\" content=\"article\" \/>\n<meta property=\"og:title\" content=\"Archeopark se otev\u00edr\u00e1 pro ve\u0159ejnost - Archeopark prav\u011bku V\u0161estary\" \/>\n<meta property=\"og:description\" content=\"Otev\u00edrac\u00ed doba v obdob\u00ed od 15. 4. do 30. 6. 2023 bude o v\u00edkendech a st\u00e1tn\u00edch sv\u00e1tc\u00edch v \u010dase 10:00 a\u017e 17:00 hodin. V pracovn\u00ed dny bude Archeopark i nad\u00e1le otev\u0159en pouze pro \u0161koln\u00ed exkurze a v\u00fdlety. Kompletn\u00ed otev\u00edrac\u00ed doba v leto\u0161n\u00ed sez\u00f3n\u011b je zde.\" \/>\n<meta property=\"og:url\" content=\"https:\/\/archeoparkvsestary.cz\/?p=855\" \/>\n<meta property=\"og:site_name\" content=\"Archeopark prav\u011bku V\u0161estary\" \/>\n<meta property=\"article:publisher\" content=\"https:\/\/www.facebook.com\/archeoparkvsestary\/\" \/>\n<meta property=\"article:published_time\" content=\"2023-04-13T11:46:15+00:00\" \/>\n<meta property=\"article:modified_time\" content=\"2023-04-13T11:46:39+00:00\" \/>\n<meta property=\"og:image\" content=\"https:\/\/archeoparkvsestary.cz\/wp-content\/uploads\/2023\/04\/oteviraci_doba_2023.jpg\" \/>\n\t<meta property=\"og:image:width\" content=\"600\" \/>\n\t<meta property=\"og:image:height\" content=\"450\" \/>\n\t<meta property=\"og:image:type\" content=\"image\/jpeg\" \/>\n<meta name=\"author\" content=\"archeopark\" \/>\n<meta name=\"twitter:card\" content=\"summary_large_image\" \/>\n<meta name=\"twitter:label1\" content=\"Napsal(a)\" \/>\n\t<meta name=\"twitter:data1\" content=\"archeopark\" \/>\n\t<meta name=\"twitter:label2\" content=\"Odhadovan\u00e1 doba \u010dten\u00ed\" \/>\n\t<meta name=\"twitter:data2\" content=\"1 minuta\" \/>\n<script type=\"application\/ld+json\" class=\"yoast-schema-graph\">{\"@context\":\"https:\/\/schema.org\",\"@graph\":[{\"@type\":\"Article\",\"@id\":\"https:\/\/archeoparkvsestary.cz\/?p=855#article\",\"isPartOf\":{\"@id\":\"https:\/\/archeoparkvsestary.cz\/?p=855\"},\"author\":{\"name\":\"archeopark\",\"@id\":\"https:\/\/archeoparkvsestary.cz\/#\/schema\/person\/84625a8324d2811f0655bb544a0eb6bc\"},\"headline\":\"Archeopark se otev\u00edr\u00e1 pro ve\u0159ejnost\",\"datePublished\":\"2023-04-13T11:46:15+00:00\",\"dateModified\":\"2023-04-13T11:46:39+00:00\",\"mainEntityOfPage\":{\"@id\":\"https:\/\/archeoparkvsestary.cz\/?p=855\"},\"wordCount\":57,\"publisher\":{\"@id\":\"https:\/\/archeoparkvsestary.cz\/#organization\"},\"image\":{\"@id\":\"https:\/\/archeoparkvsestary.cz\/?p=855#primaryimage\"},\"thumbnailUrl\":\"https:\/\/archeoparkvsestary.cz\/wp-content\/uploads\/2023\/04\/oteviraci_doba_2023.jpg\",\"articleSection\":[\"Upozorn\u011bn\u00ed\"],\"inLanguage\":\"cs\"},{\"@type\":\"WebPage\",\"@id\":\"https:\/\/archeoparkvsestary.cz\/?p=855\",\"url\":\"https:\/\/archeoparkvsestary.cz\/?p=855\",\"name\":\"Archeopark se otev\u00edr\u00e1 pro ve\u0159ejnost - Archeopark prav\u011bku V\u0161estary\",\"isPartOf\":{\"@id\":\"https:\/\/archeoparkvsestary.cz\/#website\"},\"primaryImageOfPage\":{\"@id\":\"https:\/\/archeoparkvsestary.cz\/?p=855#primaryimage\"},\"image\":{\"@id\":\"https:\/\/archeoparkvsestary.cz\/?p=855#primaryimage\"},\"thumbnailUrl\":\"https:\/\/archeoparkvsestary.cz\/wp-content\/uploads\/2023\/04\/oteviraci_doba_2023.jpg\",\"datePublished\":\"2023-04-13T11:46:15+00:00\",\"dateModified\":\"2023-04-13T11:46:39+00:00\",\"breadcrumb\":{\"@id\":\"https:\/\/archeoparkvsestary.cz\/?p=855#breadcrumb\"},\"inLanguage\":\"cs\",\"potentialAction\":[{\"@type\":\"ReadAction\",\"target\":[\"https:\/\/archeoparkvsestary.cz\/?p=855\"]}]},{\"@type\":\"ImageObject\",\"inLanguage\":\"cs\",\"@id\":\"https:\/\/archeoparkvsestary.cz\/?p=855#primaryimage\",\"url\":\"https:\/\/archeoparkvsestary.cz\/wp-content\/uploads\/2023\/04\/oteviraci_doba_2023.jpg\",\"contentUrl\":\"https:\/\/archeoparkvsestary.cz\/wp-content\/uploads\/2023\/04\/oteviraci_doba_2023.jpg\",\"width\":600,\"height\":450},{\"@type\":\"BreadcrumbList\",\"@id\":\"https:\/\/archeoparkvsestary.cz\/?p=855#breadcrumb\",\"itemListElement\":[{\"@type\":\"ListItem\",\"position\":1,\"name\":\"Home\",\"item\":\"https:\/\/archeoparkvsestary.cz\/\"},{\"@type\":\"ListItem\",\"position\":2,\"name\":\"Archeopark se otev\u00edr\u00e1 pro ve\u0159ejnost\"}]},{\"@type\":\"WebSite\",\"@id\":\"https:\/\/archeoparkvsestary.cz\/#website\",\"url\":\"https:\/\/archeoparkvsestary.cz\/\",\"name\":\"Archeopark prav\u011bku V\u0161estary\",\"description\":\"Archeopark prav\u011bku V\u0161estary\",\"publisher\":{\"@id\":\"https:\/\/archeoparkvsestary.cz\/#organization\"},\"potentialAction\":[{\"@type\":\"SearchAction\",\"target\":{\"@type\":\"EntryPoint\",\"urlTemplate\":\"https:\/\/archeoparkvsestary.cz\/?s={search_term_string}\"},\"query-input\":{\"@type\":\"PropertyValueSpecification\",\"valueRequired\":true,\"valueName\":\"search_term_string\"}}],\"inLanguage\":\"cs\"},{\"@type\":\"Organization\",\"@id\":\"https:\/\/archeoparkvsestary.cz\/#organization\",\"name\":\"Archeopark prav\u011bku V\u0161estary\",\"url\":\"https:\/\/archeoparkvsestary.cz\/\",\"logo\":{\"@type\":\"ImageObject\",\"inLanguage\":\"cs\",\"@id\":\"https:\/\/archeoparkvsestary.cz\/#\/schema\/logo\/image\/\",\"url\":\"https:\/\/archeoparkvsestary.cz\/wp-content\/uploads\/2023\/03\/logo_archeopark_nadoba.jpg\",\"contentUrl\":\"https:\/\/archeoparkvsestary.cz\/wp-content\/uploads\/2023\/03\/logo_archeopark_nadoba.jpg\",\"width\":300,\"height\":279,\"caption\":\"Archeopark prav\u011bku V\u0161estary\"},\"image\":{\"@id\":\"https:\/\/archeoparkvsestary.cz\/#\/schema\/logo\/image\/\"},\"sameAs\":[\"https:\/\/www.facebook.com\/archeoparkvsestary\/\"]},{\"@type\":\"Person\",\"@id\":\"https:\/\/archeoparkvsestary.cz\/#\/schema\/person\/84625a8324d2811f0655bb544a0eb6bc\",\"name\":\"archeopark\",\"image\":{\"@type\":\"ImageObject\",\"inLanguage\":\"cs\",\"@id\":\"https:\/\/archeoparkvsestary.cz\/#\/schema\/person\/image\/\",\"url\":\"https:\/\/secure.gravatar.com\/avatar\/c483f3e8d2c1e5d98d1a724e231c36100ffb14f39a9a1761aca5432ad4e49879?s=96&d=mm&r=g\",\"contentUrl\":\"https:\/\/secure.gravatar.com\/avatar\/c483f3e8d2c1e5d98d1a724e231c36100ffb14f39a9a1761aca5432ad4e49879?s=96&d=mm&r=g\",\"caption\":\"archeopark\"},\"sameAs\":[\"http:\/\/archeoparkvsestary.cz\"],\"url\":\"https:\/\/archeoparkvsestary.cz\/?author=1\"}]}<\/script>\n<!-- \/ Yoast SEO plugin. -->","yoast_head_json":{"title":"Archeopark se otev\u00edr\u00e1 pro ve\u0159ejnost - Archeopark prav\u011bku V\u0161estary","robots":{"index":"index","follow":"follow","max-snippet":"max-snippet:-1","max-image-preview":"max-image-preview:large","max-video-preview":"max-video-preview:-1"},"canonical":"https:\/\/archeoparkvsestary.cz\/?p=855","og_locale":"cs_CZ","og_type":"article","og_title":"Archeopark se otev\u00edr\u00e1 pro ve\u0159ejnost - Archeopark prav\u011bku V\u0161estary","og_description":"Otev\u00edrac\u00ed doba v obdob\u00ed od 15. 4. do 30. 6. 2023 bude o v\u00edkendech a st\u00e1tn\u00edch sv\u00e1tc\u00edch v \u010dase 10:00 a\u017e 17:00 hodin. V pracovn\u00ed dny bude Archeopark i nad\u00e1le otev\u0159en pouze pro \u0161koln\u00ed exkurze a v\u00fdlety. Kompletn\u00ed otev\u00edrac\u00ed doba v leto\u0161n\u00ed sez\u00f3n\u011b je zde.","og_url":"https:\/\/archeoparkvsestary.cz\/?p=855","og_site_name":"Archeopark prav\u011bku V\u0161estary","article_publisher":"https:\/\/www.facebook.com\/archeoparkvsestary\/","article_published_time":"2023-04-13T11:46:15+00:00","article_modified_time":"2023-04-13T11:46:39+00:00","og_image":[{"width":600,"height":450,"url":"https:\/\/archeoparkvsestary.cz\/wp-content\/uploads\/2023\/04\/oteviraci_doba_2023.jpg","type":"image\/jpeg"}],"author":"archeopark","twitter_card":"summary_large_image","twitter_misc":{"Napsal(a)":"archeopark","Odhadovan\u00e1 doba \u010dten\u00ed":"1 minuta"},"schema":{"@context":"https:\/\/schema.org","@graph":[{"@type":"Article","@id":"https:\/\/archeoparkvsestary.cz\/?p=855#article","isPartOf":{"@id":"https:\/\/archeoparkvsestary.cz\/?p=855"},"author":{"name":"archeopark","@id":"https:\/\/archeoparkvsestary.cz\/#\/schema\/person\/84625a8324d2811f0655bb544a0eb6bc"},"headline":"Archeopark se otev\u00edr\u00e1 pro ve\u0159ejnost","datePublished":"2023-04-13T11:46:15+00:00","dateModified":"2023-04-13T11:46:39+00:00","mainEntityOfPage":{"@id":"https:\/\/archeoparkvsestary.cz\/?p=855"},"wordCount":57,"publisher":{"@id":"https:\/\/archeoparkvsestary.cz\/#organization"},"image":{"@id":"https:\/\/archeoparkvsestary.cz\/?p=855#primaryimage"},"thumbnailUrl":"https:\/\/archeoparkvsestary.cz\/wp-content\/uploads\/2023\/04\/oteviraci_doba_2023.jpg","articleSection":["Upozorn\u011bn\u00ed"],"inLanguage":"cs"},{"@type":"WebPage","@id":"https:\/\/archeoparkvsestary.cz\/?p=855","url":"https:\/\/archeoparkvsestary.cz\/?p=855","name":"Archeopark se otev\u00edr\u00e1 pro ve\u0159ejnost - Archeopark prav\u011bku V\u0161estary","isPartOf":{"@id":"https:\/\/archeoparkvsestary.cz\/#website"},"primaryImageOfPage":{"@id":"https:\/\/archeoparkvsestary.cz\/?p=855#primaryimage"},"image":{"@id":"https:\/\/archeoparkvsestary.cz\/?p=855#primaryimage"},"thumbnailUrl":"https:\/\/archeoparkvsestary.cz\/wp-content\/uploads\/2023\/04\/oteviraci_doba_2023.jpg","datePublished":"2023-04-13T11:46:15+00:00","dateModified":"2023-04-13T11:46:39+00:00","breadcrumb":{"@id":"https:\/\/archeoparkvsestary.cz\/?p=855#breadcrumb"},"inLanguage":"cs","potentialAction":[{"@type":"ReadAction","target":["https:\/\/archeoparkvsestary.cz\/?p=855"]}]},{"@type":"ImageObject","inLanguage":"cs","@id":"https:\/\/archeoparkvsestary.cz\/?p=855#primaryimage","url":"https:\/\/archeoparkvsestary.cz\/wp-content\/uploads\/2023\/04\/oteviraci_doba_2023.jpg","contentUrl":"https:\/\/archeoparkvsestary.cz\/wp-content\/uploads\/2023\/04\/oteviraci_doba_2023.jpg","width":600,"height":450},{"@type":"BreadcrumbList","@id":"https:\/\/archeoparkvsestary.cz\/?p=855#breadcrumb","itemListElement":[{"@type":"ListItem","position":1,"name":"Home","item":"https:\/\/archeoparkvsestary.cz\/"},{"@type":"ListItem","position":2,"name":"Archeopark se otev\u00edr\u00e1 pro ve\u0159ejnost"}]},{"@type":"WebSite","@id":"https:\/\/archeoparkvsestary.cz\/#website","url":"https:\/\/archeoparkvsestary.cz\/","name":"Archeopark prav\u011bku V\u0161estary","description":"Archeopark prav\u011bku V\u0161estary","publisher":{"@id":"https:\/\/archeoparkvsestary.cz\/#organization"},"potentialAction":[{"@type":"SearchAction","target":{"@type":"EntryPoint","urlTemplate":"https:\/\/archeoparkvsestary.cz\/?s={search_term_string}"},"query-input":{"@type":"PropertyValueSpecification","valueRequired":true,"valueName":"search_term_string"}}],"inLanguage":"cs"},{"@type":"Organization","@id":"https:\/\/archeoparkvsestary.cz\/#organization","name":"Archeopark prav\u011bku V\u0161estary","url":"https:\/\/archeoparkvsestary.cz\/","logo":{"@type":"ImageObject","inLanguage":"cs","@id":"https:\/\/archeoparkvsestary.cz\/#\/schema\/logo\/image\/","url":"https:\/\/archeoparkvsestary.cz\/wp-content\/uploads\/2023\/03\/logo_archeopark_nadoba.jpg","contentUrl":"https:\/\/archeoparkvsestary.cz\/wp-content\/uploads\/2023\/03\/logo_archeopark_nadoba.jpg","width":300,"height":279,"caption":"Archeopark prav\u011bku V\u0161estary"},"image":{"@id":"https:\/\/archeoparkvsestary.cz\/#\/schema\/logo\/image\/"},"sameAs":["https:\/\/www.facebook.com\/archeoparkvsestary\/"]},{"@type":"Person","@id":"https:\/\/archeoparkvsestary.cz\/#\/schema\/person\/84625a8324d2811f0655bb544a0eb6bc","name":"archeopark","image":{"@type":"ImageObject","inLanguage":"cs","@id":"https:\/\/archeoparkvsestary.cz\/#\/schema\/person\/image\/","url":"https:\/\/secure.gravatar.com\/avatar\/c483f3e8d2c1e5d98d1a724e231c36100ffb14f39a9a1761aca5432ad4e49879?s=96&d=mm&r=g","contentUrl":"https:\/\/secure.gravatar.com\/avatar\/c483f3e8d2c1e5d98d1a724e231c36100ffb14f39a9a1761aca5432ad4e49879?s=96&d=mm&r=g","caption":"archeopark"},"sameAs":["http:\/\/archeoparkvsestary.cz"],"url":"https:\/\/archeoparkvsestary.cz\/?author=1"}]}},"_links":{"self":[{"href":"https:\/\/archeoparkvsestary.cz\/index.php?rest_route=\/wp\/v2\/posts\/855","targetHints":{"allow":["GET"]}}],"collection":[{"href":"https:\/\/archeoparkvsestary.cz\/index.php?rest_route=\/wp\/v2\/posts"}],"about":[{"href":"https:\/\/archeoparkvsestary.cz\/index.php?rest_route=\/wp\/v2\/types\/post"}],"author":[{"embeddable":true,"href":"https:\/\/archeoparkvsestary.cz\/index.php?rest_route=\/wp\/v2\/users\/1"}],"replies":[{"embeddable":true,"href":"https:\/\/archeoparkvsestary.cz\/index.php?rest_route=%2Fwp%2Fv2%2Fcomments&post=855"}],"version-history":[{"count":1,"href":"https:\/\/archeoparkvsestary.cz\/index.php?rest_route=\/wp\/v2\/posts\/855\/revisions"}],"predecessor-version":[{"id":857,"href":"https:\/\/archeoparkvsestary.cz\/index.php?rest_route=\/wp\/v2\/posts\/855\/revisions\/857"}],"wp:featuredmedia":[{"embeddable":true,"href":"https:\/\/archeoparkvsestary.cz\/index.php?rest_route=\/wp\/v2\/media\/856"}],"wp:attachment":[{"href":"https:\/\/archeoparkvsestary.cz\/index.php?rest_route=%2Fwp%2Fv2%2Fmedia&parent=855"}],"wp:term":[{"taxonomy":"category","embeddable":true,"href":"https:\/\/archeoparkvsestary.cz\/index.php?rest_route=%2Fwp%2Fv2%2Fcategories&post=855"},{"taxonomy":"post_tag","embeddable":true,"href":"https:\/\/archeoparkvsestary.cz\/index.php?rest_route=%2Fwp%2Fv2%2Ftags&post=855"}],"curies":[{"name":"wp","href":"https:\/\/api.w.org\/{rel}","templated":true}]}}